{"id":12695,"date":"2016-05-24T11:03:38","date_gmt":"2016-05-24T09:03:38","guid":{"rendered":"http:\/\/www.h-its.org\/?p=12695"},"modified":"2019-05-14T10:11:57","modified_gmt":"2019-05-14T08:11:57","slug":"dudelfunk-statt-inforadio","status":"publish","type":"post","link":"https:\/\/www.h-its.org\/de\/2016\/05\/24\/dudelfunk-statt-inforadio\/","title":{"rendered":"Dudelfunk statt Inforadio? Qualit\u00e4t im H\u00f6rfunk in Zeiten des Spardiktats"},"content":{"rendered":"\n<p><strong>Wissenschaftsjournalist und HITS \u201eJournalist in Residence\u201c Michael Stang (K\u00f6ln) \u00fcber den Umgang der Radiosender mit neuen Herausforderungen \u2013 \u00f6ffentlicher HITS-Vortrag am Mittwoch, 01. Juni 2016, 16.00 Uhr, im Studio Villa Bosch in Heidelberg.<\/strong><\/p>\n\n\n\n<p>W\u00e4hrend die Medienkrise zun\u00e4chst vor allem Printmedien mit sinkenden Auflagen und immer kleiner werdenden Werbeeinnahmen traf, hat sie mittlerweile auch den H\u00f6rfunk erreicht. Trotz relativ stabiler Einnahmen beklagen zunehmend auch Sender im \u00d6ffentlich-Rechtlichen Rundfunk erheblichen Kostendruck, Arbeitsverdichtung und erschwerte Arbeitsbedingungen. Das gilt vor allem f\u00fcr den Wissenschaftsjournalismus, der &nbsp;f\u00fcr manche weiterhin nicht nur als \u201eversp\u00e4tetes Ressort\u201c gilt, sondern sogar vom WDR-Intendanten Tom Buhrow absch\u00e4tzig als \u201eNische\u201c im \u00d6kosystem seines Hauses bezeichnet wurde.<\/p>\n\n\n\n<p>Dabei wird bisher nur wenig medienwirksam von der Notwendigkeit eines guten Wissenschaftsjournalismus gesprochen. Ergebnisse aus Forschung und Wissenschaft und ihre Bedeutung f\u00fcr Gesellschaft, Natur, Wirtschaft und Politik m\u00fcssen jedoch kompetent aufgearbeitet und eingeordnet werden. Denn eine fundierte Berichterstattung ist die elementare Voraussetzung f\u00fcr eine funktionierende demokratische Gesellschaft. In einem \u00f6ffentlichen Vortrag des Heidelberger Instituts f\u00fcr Theoretische Studien (HITS) erl\u00e4utert Michael Stang die neuen Herausforderungen des Wissenschaftsjournalismus im H\u00f6rfunk&nbsp; und pl\u00e4diert f\u00fcr eine qualitative Berichterstattung trotz Quotendruck, ver\u00e4ndertem Medienkonsum und geringer werdenden Spielr\u00e4umen.<\/p>\n\n\n\n<p><a href=\"http:\/\/www.michael-stang.de\/index.php\/de\/\">Michael Stang<\/a> studierte Anthropologie, Ethnologie und Pal\u00e4ontologie \/ Geologie an der Johannes Gutenberg-Universit\u00e4t Mainz. Nach seinem Abschluss erhielt er von der Bertelsmann-Stiftung ein Stipendium f\u00fcr Wissenschaftsjournalismus. Seit 2005 arbeitet er als freier Journalist in K\u00f6ln, unter anderem f\u00fcr Radiosender in Deutschland (Deutschlandradio, WDR, BR, SWR), \u00d6sterreich (ORF) und der Schweiz (SRF), sowie f\u00fcr Zeitungen und Zeitschriften (zum Beispiel die Frankfurter Allgemeine Sonntagszeitung). Der Wissenschaftsjournalist wurde unter anderem mit dem <a href=\"http:\/\/www.gsk-stiftung.de\/fruehere-preistraeger\/preistraeger-publizistik\/\">Publizistikpreis H\u00f6rfunk der GSK-Stiftung<\/a> und dem <a href=\"http:\/\/dgfg.geography-in-germany.de\/preise\/medienpreis\/wissenschaftsjournalist-michael-stang-erhalt-medienpreis-der-deutschen-geographie\/\">Medienpreis der Deutschen Geographie<\/a> ausgezeichnet und erhielt mehrere Stipendien, darunter das U.S. Media Fellowship an der Duke University in Durham, USA. Seit Mitte Februar ist er <a href=\"http:\/\/www.h-its.org\/de-presse\/journalist-in-residence-michael-stang-am-hits\/\">\u201eJournalist in Residence\u201c am HITS<\/a>.<\/p>\n\n\n\n<p>Der Vortrag ist bereits die sechste HITS-Veranstaltung, die sich rund um das Thema Wissenschaftsjournalismus und aktuelle Medienentwicklungen dreht. Unter den Referenten waren unter anderem der k\u00fcnftige Chefredakteur von Bild der Wissenschaft, Dr. Alexander M\u00e4der, der freie Wissenschaftsjournalist und Leiter des Science Media Center Deutschland&nbsp; Volker Stollorz, die Fernsehjournalistin Pia Grzesiak sowie der in Barcelona ans\u00e4ssige, internationale Wissenschaftsjournalist Dr. Michele Catanzaro.<\/p>\n\n\n\n<p><strong>Aus Kapazit\u00e4tsgr\u00fcnden wird um Anmeldung gebeten: <a href=\"mailto:benedicta.frech@h-its.org\" target=\"_blank\" rel=\"noopener noreferrer\">benedicta.frech@h-its.org <\/a><\/strong><\/p>\n\n\n\n<p>Kostenfreie Parkpl\u00e4tze gibt es in der Garage \u201eUnter der Boschwiese\u201c.<\/p>\n\n\n\n<p><strong>Pressekontakt: <\/strong><\/p>\n\n\n\n<p>Dr. Peter Saueressig<br>Presse- und \u00d6ffentlichkeitsarbeit<br>HITS Heidelberger Institut f\u00fcr Theoretische Studien<br>Tel: +49-6221-533-245<br><a href=\"mailto:peter.saueressig@h-its.org\">peter.saueressig@h-its.org<\/a><br><a href=\"https:\/\/www.h-its.org\">https:\/\/www.h-its.org<\/a><br>@HITStudies<\/p>\n","protected":false},"excerpt":{"rendered":"<p>Wissenschaftsjournalist und HITS \u201eJournalist in Residence\u201c Michael Stang (K\u00f6ln) \u00fcber den Umgang der Radiosender mit neuen Herausforderungen \u2013 \u00f6ffentlicher HITS-Vortrag am &#8230;<\/p>\n","protected":false},"author":6,"featured_media":0,"comment_status":"closed","ping_status":"closed","sticky":false,"template":"","format":"standard","meta":{"_acf_changed":false,"inline_featured_image":false,"footnotes":""},"categories":[95,1329],"hits-research-group":[],"class_list":["post-12695","post","type-post","status-publish","format-standard","hentry","category-institutsnews","category-pressemitteilungen"],"acf":[],"yoast_head":"<!-- This site is optimized with the Yoast SEO plugin v27.4 - https:\/\/yoast.com\/product\/yoast-seo-wordpress\/ -->\n<title>Dudelfunk statt Inforadio? Qualit\u00e4t im H\u00f6rfunk in Zeiten des Spardiktats - HITS gGmbH<\/title>\n<meta name=\"robots\" content=\"index, follow, max-snippet:-1, max-image-preview:large, max-video-preview:-1\" \/>\n<link rel=\"canonical\" href=\"https:\/\/www.h-its.org\/de\/2016\/05\/24\/dudelfunk-statt-inforadio\/\" \/>\n<meta property=\"og:locale\" content=\"de_DE\" \/>\n<meta property=\"og:type\" content=\"article\" \/>\n<meta property=\"og:title\" content=\"Dudelfunk statt Inforadio? Qualit\u00e4t im H\u00f6rfunk in Zeiten des Spardiktats - HITS gGmbH\" \/>\n<meta property=\"og:description\" content=\"Wissenschaftsjournalist und HITS \u201eJournalist in Residence\u201c Michael Stang (K\u00f6ln) \u00fcber den Umgang der Radiosender mit neuen Herausforderungen \u2013 \u00f6ffentlicher HITS-Vortrag am ...\" \/>\n<meta property=\"og:url\" content=\"https:\/\/www.h-its.org\/de\/2016\/05\/24\/dudelfunk-statt-inforadio\/\" \/>\n<meta property=\"og:site_name\" content=\"HITS gGmbH\" \/>\n<meta property=\"article:published_time\" content=\"2016-05-24T09:03:38+00:00\" \/>\n<meta property=\"article:modified_time\" content=\"2019-05-14T08:11:57+00:00\" \/>\n<meta name=\"author\" content=\"Lacurie, Isabel\" \/>\n<meta name=\"twitter:card\" content=\"summary_large_image\" \/>\n<meta name=\"twitter:label1\" content=\"Verfasst von\" \/>\n\t<meta name=\"twitter:data1\" content=\"Lacurie, Isabel\" \/>\n\t<meta name=\"twitter:label2\" content=\"Gesch\u00e4tzte Lesezeit\" \/>\n\t<meta name=\"twitter:data2\" content=\"2\u00a0Minuten\" \/>\n<script type=\"application\/ld+json\" class=\"yoast-schema-graph\">{\"@context\":\"https:\\\/\\\/schema.org\",\"@graph\":[{\"@type\":\"Article\",\"@id\":\"https:\\\/\\\/www.h-its.org\\\/de\\\/2016\\\/05\\\/24\\\/dudelfunk-statt-inforadio\\\/#article\",\"isPartOf\":{\"@id\":\"https:\\\/\\\/www.h-its.org\\\/de\\\/2016\\\/05\\\/24\\\/dudelfunk-statt-inforadio\\\/\"},\"author\":{\"name\":\"Lacurie, Isabel\",\"@id\":\"https:\\\/\\\/www.h-its.org\\\/de\\\/#\\\/schema\\\/person\\\/86aabe0b57e15165f41adaf38c43d078\"},\"headline\":\"Dudelfunk statt Inforadio? Qualit\u00e4t im H\u00f6rfunk in Zeiten des Spardiktats\",\"datePublished\":\"2016-05-24T09:03:38+00:00\",\"dateModified\":\"2019-05-14T08:11:57+00:00\",\"mainEntityOfPage\":{\"@id\":\"https:\\\/\\\/www.h-its.org\\\/de\\\/2016\\\/05\\\/24\\\/dudelfunk-statt-inforadio\\\/\"},\"wordCount\":438,\"articleSection\":[\"Institutsnews\",\"Pressemitteilungen\"],\"inLanguage\":\"de\"},{\"@type\":\"WebPage\",\"@id\":\"https:\\\/\\\/www.h-its.org\\\/de\\\/2016\\\/05\\\/24\\\/dudelfunk-statt-inforadio\\\/\",\"url\":\"https:\\\/\\\/www.h-its.org\\\/de\\\/2016\\\/05\\\/24\\\/dudelfunk-statt-inforadio\\\/\",\"name\":\"Dudelfunk statt Inforadio? Qualit\u00e4t im H\u00f6rfunk in Zeiten des Spardiktats - HITS gGmbH\",\"isPartOf\":{\"@id\":\"https:\\\/\\\/www.h-its.org\\\/de\\\/#website\"},\"datePublished\":\"2016-05-24T09:03:38+00:00\",\"dateModified\":\"2019-05-14T08:11:57+00:00\",\"author\":{\"@id\":\"https:\\\/\\\/www.h-its.org\\\/de\\\/#\\\/schema\\\/person\\\/86aabe0b57e15165f41adaf38c43d078\"},\"breadcrumb\":{\"@id\":\"https:\\\/\\\/www.h-its.org\\\/de\\\/2016\\\/05\\\/24\\\/dudelfunk-statt-inforadio\\\/#breadcrumb\"},\"inLanguage\":\"de\",\"potentialAction\":[{\"@type\":\"ReadAction\",\"target\":[\"https:\\\/\\\/www.h-its.org\\\/de\\\/2016\\\/05\\\/24\\\/dudelfunk-statt-inforadio\\\/\"]}]},{\"@type\":\"BreadcrumbList\",\"@id\":\"https:\\\/\\\/www.h-its.org\\\/de\\\/2016\\\/05\\\/24\\\/dudelfunk-statt-inforadio\\\/#breadcrumb\",\"itemListElement\":[{\"@type\":\"ListItem\",\"position\":1,\"name\":\"Home\",\"item\":\"https:\\\/\\\/www.h-its.org\\\/de\\\/\"},{\"@type\":\"ListItem\",\"position\":2,\"name\":\"Dudelfunk statt Inforadio? Qualit\u00e4t im H\u00f6rfunk in Zeiten des Spardiktats\"}]},{\"@type\":\"WebSite\",\"@id\":\"https:\\\/\\\/www.h-its.org\\\/de\\\/#website\",\"url\":\"https:\\\/\\\/www.h-its.org\\\/de\\\/\",\"name\":\"HITS gGmbH\",\"description\":\"Heidelberg Institute for Theoretical Studies\",\"potentialAction\":[{\"@type\":\"SearchAction\",\"target\":{\"@type\":\"EntryPoint\",\"urlTemplate\":\"https:\\\/\\\/www.h-its.org\\\/de\\\/?s={search_term_string}\"},\"query-input\":{\"@type\":\"PropertyValueSpecification\",\"valueRequired\":true,\"valueName\":\"search_term_string\"}}],\"inLanguage\":\"de\"},{\"@type\":\"Person\",\"@id\":\"https:\\\/\\\/www.h-its.org\\\/de\\\/#\\\/schema\\\/person\\\/86aabe0b57e15165f41adaf38c43d078\",\"name\":\"Lacurie, Isabel\",\"image\":{\"@type\":\"ImageObject\",\"inLanguage\":\"de\",\"@id\":\"https:\\\/\\\/secure.gravatar.com\\\/avatar\\\/70053c2db6ae031114048dd4c282575b9a4131f66f64abcac683e5f64b3618f4?s=96&d=mm&r=g\",\"url\":\"https:\\\/\\\/secure.gravatar.com\\\/avatar\\\/70053c2db6ae031114048dd4c282575b9a4131f66f64abcac683e5f64b3618f4?s=96&d=mm&r=g\",\"contentUrl\":\"https:\\\/\\\/secure.gravatar.com\\\/avatar\\\/70053c2db6ae031114048dd4c282575b9a4131f66f64abcac683e5f64b3618f4?s=96&d=mm&r=g\",\"caption\":\"Lacurie, Isabel\"},\"url\":\"https:\\\/\\\/www.h-its.org\\\/de\\\/author\\\/hartmail\\\/\"}]}<\/script>\n<!-- \/ Yoast SEO plugin. -->","yoast_head_json":{"title":"Dudelfunk statt Inforadio? Qualit\u00e4t im H\u00f6rfunk in Zeiten des Spardiktats - HITS gGmbH","robots":{"index":"index","follow":"follow","max-snippet":"max-snippet:-1","max-image-preview":"max-image-preview:large","max-video-preview":"max-video-preview:-1"},"canonical":"https:\/\/www.h-its.org\/de\/2016\/05\/24\/dudelfunk-statt-inforadio\/","og_locale":"de_DE","og_type":"article","og_title":"Dudelfunk statt Inforadio? Qualit\u00e4t im H\u00f6rfunk in Zeiten des Spardiktats - HITS gGmbH","og_description":"Wissenschaftsjournalist und HITS \u201eJournalist in Residence\u201c Michael Stang (K\u00f6ln) \u00fcber den Umgang der Radiosender mit neuen Herausforderungen \u2013 \u00f6ffentlicher HITS-Vortrag am ...","og_url":"https:\/\/www.h-its.org\/de\/2016\/05\/24\/dudelfunk-statt-inforadio\/","og_site_name":"HITS gGmbH","article_published_time":"2016-05-24T09:03:38+00:00","article_modified_time":"2019-05-14T08:11:57+00:00","author":"Lacurie, Isabel","twitter_card":"summary_large_image","twitter_misc":{"Verfasst von":"Lacurie, Isabel","Gesch\u00e4tzte Lesezeit":"2\u00a0Minuten"},"schema":{"@context":"https:\/\/schema.org","@graph":[{"@type":"Article","@id":"https:\/\/www.h-its.org\/de\/2016\/05\/24\/dudelfunk-statt-inforadio\/#article","isPartOf":{"@id":"https:\/\/www.h-its.org\/de\/2016\/05\/24\/dudelfunk-statt-inforadio\/"},"author":{"name":"Lacurie, Isabel","@id":"https:\/\/www.h-its.org\/de\/#\/schema\/person\/86aabe0b57e15165f41adaf38c43d078"},"headline":"Dudelfunk statt Inforadio? Qualit\u00e4t im H\u00f6rfunk in Zeiten des Spardiktats","datePublished":"2016-05-24T09:03:38+00:00","dateModified":"2019-05-14T08:11:57+00:00","mainEntityOfPage":{"@id":"https:\/\/www.h-its.org\/de\/2016\/05\/24\/dudelfunk-statt-inforadio\/"},"wordCount":438,"articleSection":["Institutsnews","Pressemitteilungen"],"inLanguage":"de"},{"@type":"WebPage","@id":"https:\/\/www.h-its.org\/de\/2016\/05\/24\/dudelfunk-statt-inforadio\/","url":"https:\/\/www.h-its.org\/de\/2016\/05\/24\/dudelfunk-statt-inforadio\/","name":"Dudelfunk statt Inforadio? Qualit\u00e4t im H\u00f6rfunk in Zeiten des Spardiktats - HITS gGmbH","isPartOf":{"@id":"https:\/\/www.h-its.org\/de\/#website"},"datePublished":"2016-05-24T09:03:38+00:00","dateModified":"2019-05-14T08:11:57+00:00","author":{"@id":"https:\/\/www.h-its.org\/de\/#\/schema\/person\/86aabe0b57e15165f41adaf38c43d078"},"breadcrumb":{"@id":"https:\/\/www.h-its.org\/de\/2016\/05\/24\/dudelfunk-statt-inforadio\/#breadcrumb"},"inLanguage":"de","potentialAction":[{"@type":"ReadAction","target":["https:\/\/www.h-its.org\/de\/2016\/05\/24\/dudelfunk-statt-inforadio\/"]}]},{"@type":"BreadcrumbList","@id":"https:\/\/www.h-its.org\/de\/2016\/05\/24\/dudelfunk-statt-inforadio\/#breadcrumb","itemListElement":[{"@type":"ListItem","position":1,"name":"Home","item":"https:\/\/www.h-its.org\/de\/"},{"@type":"ListItem","position":2,"name":"Dudelfunk statt Inforadio? Qualit\u00e4t im H\u00f6rfunk in Zeiten des Spardiktats"}]},{"@type":"WebSite","@id":"https:\/\/www.h-its.org\/de\/#website","url":"https:\/\/www.h-its.org\/de\/","name":"HITS gGmbH","description":"Heidelberg Institute for Theoretical Studies","potentialAction":[{"@type":"SearchAction","target":{"@type":"EntryPoint","urlTemplate":"https:\/\/www.h-its.org\/de\/?s={search_term_string}"},"query-input":{"@type":"PropertyValueSpecification","valueRequired":true,"valueName":"search_term_string"}}],"inLanguage":"de"},{"@type":"Person","@id":"https:\/\/www.h-its.org\/de\/#\/schema\/person\/86aabe0b57e15165f41adaf38c43d078","name":"Lacurie, Isabel","image":{"@type":"ImageObject","inLanguage":"de","@id":"https:\/\/secure.gravatar.com\/avatar\/70053c2db6ae031114048dd4c282575b9a4131f66f64abcac683e5f64b3618f4?s=96&d=mm&r=g","url":"https:\/\/secure.gravatar.com\/avatar\/70053c2db6ae031114048dd4c282575b9a4131f66f64abcac683e5f64b3618f4?s=96&d=mm&r=g","contentUrl":"https:\/\/secure.gravatar.com\/avatar\/70053c2db6ae031114048dd4c282575b9a4131f66f64abcac683e5f64b3618f4?s=96&d=mm&r=g","caption":"Lacurie, Isabel"},"url":"https:\/\/www.h-its.org\/de\/author\/hartmail\/"}]}},"publishpress_future_action":{"enabled":false,"date":"2026-05-03 11:28:50","action":"change-status","newStatus":"draft","terms":[],"taxonomy":"category","extraData":[]},"publishpress_future_workflow_manual_trigger":{"enabledWorkflows":[]},"_links":{"self":[{"href":"https:\/\/www.h-its.org\/de\/wp-json\/wp\/v2\/posts\/12695","targetHints":{"allow":["GET"]}}],"collection":[{"href":"https:\/\/www.h-its.org\/de\/wp-json\/wp\/v2\/posts"}],"about":[{"href":"https:\/\/www.h-its.org\/de\/wp-json\/wp\/v2\/types\/post"}],"author":[{"embeddable":true,"href":"https:\/\/www.h-its.org\/de\/wp-json\/wp\/v2\/users\/6"}],"replies":[{"embeddable":true,"href":"https:\/\/www.h-its.org\/de\/wp-json\/wp\/v2\/comments?post=12695"}],"version-history":[{"count":2,"href":"https:\/\/www.h-its.org\/de\/wp-json\/wp\/v2\/posts\/12695\/revisions"}],"predecessor-version":[{"id":35418,"href":"https:\/\/www.h-its.org\/de\/wp-json\/wp\/v2\/posts\/12695\/revisions\/35418"}],"wp:attachment":[{"href":"https:\/\/www.h-its.org\/de\/wp-json\/wp\/v2\/media?parent=12695"}],"wp:term":[{"taxonomy":"category","embeddable":true,"href":"https:\/\/www.h-its.org\/de\/wp-json\/wp\/v2\/categories?post=12695"},{"taxonomy":"hits-research-group","embeddable":true,"href":"https:\/\/www.h-its.org\/de\/wp-json\/wp\/v2\/hits-research-group?post=12695"}],"curies":[{"name":"wp","href":"https:\/\/api.w.org\/{rel}","templated":true}]}}