{"id":17091,"date":"2017-08-16T08:00:50","date_gmt":"2017-08-16T06:00:50","guid":{"rendered":"http:\/\/www.h-its.org\/?p=17091"},"modified":"2019-03-22T10:24:32","modified_gmt":"2019-03-22T09:24:32","slug":"hits-journalist-in-residence-fuer-2018-2019","status":"publish","type":"post","link":"https:\/\/www.h-its.org\/de\/2017\/08\/16\/hits-journalist-in-residence-fuer-2018-2019\/","title":{"rendered":"HITS: \u201eJournalist in Residence\u201c-Programm f\u00fcr 2018 und 2019 ausgeschrieben"},"content":{"rendered":"\n<div class=\"wp-block-image\"><figure class=\"alignleft\"><a class=\"dt-single-image\" href=\"https:\/\/www.h-its.org\/wp-content\/uploads\/2014\/09\/HITS_DSC_5520small.jpg\"><img decoding=\"async\" src=\"http:\/\/www.h-its.org\/wp-content\/uploads\/2014\/09\/HITS_DSC_5520small-300x128.jpg\" alt=\"\" class=\"wp-image-809\" \/><\/a><\/figure><\/div>\n\n\n\n<p><br><strong>Bereits zum siebten Mal bietet das Heidelberger Institut f\u00fcr Theoretische Studien (HITS) berufserfahrenen Wissenschaftsjournalist\/innen aus aller Welt die M\u00f6glichkeit eines drei- bis sechsmonatigen Gastaufenthalts. Sie erhalten w\u00e4hrend dieser Zeit Gelegenheit zu einem tieferen Einblick in rechnergest\u00fctzte, datengetriebene Forschung. Der Aufenthalt wird mit 5000 Euro im Monat verg\u00fctet und soll den Journalisten erm\u00f6glichen, ohne den Druck des Tagesgesch\u00e4fts zu arbeiten. Bewerbungsschluss f\u00fcr einen Aufenthalt im Jahr 2018 oder 2019 ist am 15. November 2017.<\/strong><\/p>\n\n\n\n<p>Am HITS, einem privaten gemeinn\u00fctzigen Institut, arbeiten rund 120 Wissenschaftler aus 20 L\u00e4ndern in 12 verschiedenen Forschungsgruppen. Sie bearbeiten Forschungsthemen von der Molekularbiologie bis zur Astrophysik mit mathematischen Methoden und Computersimulationen. Dabei werden gro\u00dfe Datenmengen produziert und verarbeitet. Das Institut ist eng eingebunden in den Forschungsstandort Heidelberg, der \u00fcber eine hohe Dichte an hochkar\u00e4tigen Forschungseinrichtungen verf\u00fcgt.<\/p>\n\n\n\n<p>Das Programm <strong>\u201eJournalist in Residence\u201c<\/strong> richtet sich an freie und festangestellte Wissenschaftsjournalisten mit mehrj\u00e4hriger Berufserfahrung und dem Schwerpunkt Naturwissenschaften und Technik. Journalisten aller Mediensparten (Print, Online, H\u00f6rfunk, TV) sind willkommen. Ein Ziel ist es, durch den t\u00e4glichen Kontakt den Austausch zwischen Journalisten und Forschern zu f\u00f6rdern. Dadurch erzielt das Programm eine Nachhaltigkeit, die weit \u00fcber den Zeitraum des Aufenthalts hinausgeht. Das HITS verlangt keine Gegenleistung in Form von Ver\u00f6ffentlichungen mit Bezug zum Institut. Es will Journalisten in ihrer Rolle als unabh\u00e4ngige und kompetente Beobachter der Wissenschaft st\u00e4rken und die Bedeutung der computergest\u00fctzten, datengetriebenen Forschung (\u201edata driven science\u201c) f\u00fcr die Naturwissenschaften st\u00e4rker ins \u00f6ffentliche Bewusstsein r\u00fccken. Gute Englischkenntnisse in Wort und Schrift sind Voraussetzung.<\/p>\n\n\n\n<p><a href=\"http:\/\/www.h-its.org\/de\/presse\/journalist-in-residence-programm\/\" target=\"_blank\" rel=\"noopener noreferrer\">Ausf\u00fchrliche Informationen zu Programm, Bewerbungsunterlagen und FAQ gibt es hier. <\/a><\/p>\n\n\n\n<p>Die Auswahljury besteht aus den Journalisten <strong>Martin Schneider<\/strong> (SWR, WPK-Vorsitzender), <strong>Dr. Carsten K\u00f6nneker<\/strong> (Spektrum der Wissenschaft), <strong>Dr. Alexander M\u00e4der<\/strong> (freier Journalist),<strong> Beatrice Lugger<\/strong> (NaWik) sowie Wissenschaftlern aus Universit\u00e4ten, Max-Planck-Instituten und dem HITS.<br>Erster Teilnehmer des Programms war 2012 der preisgekr\u00f6nte deutsche Wissenschaftsjournalist <a href=\"http:\/\/www.h-its.org\/bisherige-jir\/volker-stollorz-hits-jir-2012\/\" target=\"_blank\" rel=\"noopener noreferrer\"><strong>Volker Stollorz<\/strong><\/a>. W\u00e4hrend seines Aufenthalts entstand der \u201eOperationsExplorer\u201c, ein Datenjournalismus-Projekt mit einer HITS-Forschungsgruppe, das als Grundlage f\u00fcr die WDR-Recherche \u201eOperieren und Kassieren\u201c diente. Auch das Konzept f\u00fcr das sp\u00e4tere \u201eScience Media Center Germany\u201c wurde am HITS mit entwickelt.<\/p>\n\n\n\n<p>Bisher kamen sechs \u201eJournalists in Residence\u201c aus Deutschland, Spanien, den USA und Indien ans HITS. Sie arbeiteten sich in neue Themenfelder ein und nutzten ihre Zeit, um sich mit Wissenschaftlern und Kollegen zu vernetzen. So hielt <a href=\"http:\/\/www.h-its.org\/bisherige-jir\/michele-catanzaro-hits-jir-2014\/\" target=\"_blank\" rel=\"noopener noreferrer\"><strong>Dr. Michele Catanzaro<\/strong><\/a> aus Barcelona als \u201eHITS Journalist in Residence\u201c auf der Journalistenkonferenz \u201eWissenswerte\u201c 2014 in Magdeburg einen Vortrag und lernte dort die Mitstreiter f\u00fcr sein \u201ecross-border\u201c-Projekt \u201eHearing Voices\u201c kennen, das ihm den \u201eEuropean Science Writer Award 2016\u201c einbrachte. Gerade aus Heidelberg nach Delhi zur\u00fcckgekehrt ist die indische Wissenschaftsjournalistin <a href=\"http:\/\/www.h-its.org\/bisherige-jir\/tv-padma-jir-2017\/\" target=\"_blank\" rel=\"noopener noreferrer\"><strong>T.V. Padma<\/strong><\/a>, die in diesem Jahr \u201eJournalist in Residence\u201c am HITS war. \u201eDieses Programm bietet eine sehr seltene Chance\u201c, res\u00fcmierte sie ihren Aufenthalt. \u201eDas journalistische Leben ist ein verr\u00fcckter Wettlauf nach Deadlines unter Hochdruck. F\u00fcnf Monate lang lag mein Fokus nicht auf diesen Deadlines, sondern darauf, neue Dinge zu lernen.\u201c Zur\u00fcck in Indien arbeitet Padma an einigen datenjournalistischen Projekten weiter, die sie am HITS gemeinsam mit einer Forschergruppe begonnen hat.<\/p>\n\n\n\n<p>Bewerbungsschluss f\u00fcr die beiden n\u00e4chsten Aufenthalte 2018 und 2019 ist der 15. November 2017. Das Programm wird Ende Oktober auch auf der <a href=\"http:\/\/wcsj2017.org\/\" target=\"_blank\" rel=\"noopener noreferrer\">World Conference of Science Journalists (WCSJ)<\/a> in San Francisco \/USA vorgestellt. Dort wird T.V. Padma als Referentin sprechen, ebenso wie ihr Vorg\u00e4nger, der K\u00f6lner H\u00f6rfunkjournalist <a href=\"http:\/\/www.h-its.org\/previous-jir\/michael-stang-jir-2016\/\" target=\"_blank\" rel=\"noopener noreferrer\"><strong>Michael Stang<\/strong><\/a>.<\/p>\n\n\n\n<p><a href=\"https:\/\/www.youtube.com\/watch?v=9g_imeDGi2Y\" target=\"_blank\" rel=\"noopener noreferrer\">Mehr \u00fcber das Programm in unserem Film.<\/a> Bewerbungsunterlagen bitte per E-Mail an: <a href=\"mailto:peter.saueressig@h-its.org\" target=\"_blank\" rel=\"noopener noreferrer\">peter.saueressig@h-its.org<\/a><\/p>\n","protected":false},"excerpt":{"rendered":"<p>Bereits zum siebten Mal bietet das Heidelberger Institut f\u00fcr Theoretische Studien (HITS) berufserfahrenen Wissenschaftsjournalist\/innen aus aller Welt die M\u00f6&#8230;<\/p>\n","protected":false},"author":6,"featured_media":30091,"comment_status":"closed","ping_status":"closed","sticky":false,"template":"","format":"standard","meta":{"_acf_changed":false,"inline_featured_image":false,"footnotes":""},"categories":[95,1329],"hits-research-group":[],"class_list":["post-17091","post","type-post","status-publish","format-standard","has-post-thumbnail","hentry","category-institutsnews","category-pressemitteilungen"],"acf":[],"yoast_head":"<!-- This site is optimized with the Yoast SEO plugin v27.4 - https:\/\/yoast.com\/product\/yoast-seo-wordpress\/ -->\n<title>HITS: \u201eJournalist in Residence\u201c-Programm f\u00fcr 2018 und 2019 ausgeschrieben - HITS gGmbH<\/title>\n<meta name=\"robots\" content=\"index, follow, max-snippet:-1, max-image-preview:large, max-video-preview:-1\" \/>\n<link rel=\"canonical\" href=\"https:\/\/www.h-its.org\/de\/2017\/08\/16\/hits-journalist-in-residence-fuer-2018-2019\/\" \/>\n<meta property=\"og:locale\" content=\"de_DE\" \/>\n<meta property=\"og:type\" content=\"article\" \/>\n<meta property=\"og:title\" content=\"HITS: \u201eJournalist in Residence\u201c-Programm f\u00fcr 2018 und 2019 ausgeschrieben - HITS gGmbH\" \/>\n<meta property=\"og:description\" content=\"Bereits zum siebten Mal bietet das Heidelberger Institut f\u00fcr Theoretische Studien (HITS) berufserfahrenen Wissenschaftsjournalist\/innen aus aller Welt die M\u00f6...\" \/>\n<meta property=\"og:url\" content=\"https:\/\/www.h-its.org\/de\/2017\/08\/16\/hits-journalist-in-residence-fuer-2018-2019\/\" \/>\n<meta property=\"og:site_name\" content=\"HITS gGmbH\" \/>\n<meta property=\"article:published_time\" content=\"2017-08-16T06:00:50+00:00\" \/>\n<meta property=\"article:modified_time\" content=\"2019-03-22T09:24:32+00:00\" \/>\n<meta property=\"og:image\" content=\"https:\/\/www.h-its.org\/de\/wp-content\/uploads\/sites\/2\/2017\/08\/pexels-photo-518543-scaled.jpeg\" \/>\n\t<meta property=\"og:image:width\" content=\"2560\" \/>\n\t<meta property=\"og:image:height\" content=\"1707\" \/>\n\t<meta property=\"og:image:type\" content=\"image\/jpeg\" \/>\n<meta name=\"author\" content=\"Lacurie, Isabel\" \/>\n<meta name=\"twitter:card\" content=\"summary_large_image\" \/>\n<meta name=\"twitter:label1\" content=\"Verfasst von\" \/>\n\t<meta name=\"twitter:data1\" content=\"Lacurie, Isabel\" \/>\n\t<meta name=\"twitter:label2\" content=\"Gesch\u00e4tzte Lesezeit\" \/>\n\t<meta name=\"twitter:data2\" content=\"3\u00a0Minuten\" \/>\n<script type=\"application\/ld+json\" class=\"yoast-schema-graph\">{\"@context\":\"https:\\\/\\\/schema.org\",\"@graph\":[{\"@type\":\"Article\",\"@id\":\"https:\\\/\\\/www.h-its.org\\\/de\\\/2017\\\/08\\\/16\\\/hits-journalist-in-residence-fuer-2018-2019\\\/#article\",\"isPartOf\":{\"@id\":\"https:\\\/\\\/www.h-its.org\\\/de\\\/2017\\\/08\\\/16\\\/hits-journalist-in-residence-fuer-2018-2019\\\/\"},\"author\":{\"name\":\"Lacurie, Isabel\",\"@id\":\"https:\\\/\\\/www.h-its.org\\\/de\\\/#\\\/schema\\\/person\\\/86aabe0b57e15165f41adaf38c43d078\"},\"headline\":\"HITS: \u201eJournalist in Residence\u201c-Programm f\u00fcr 2018 und 2019 ausgeschrieben\",\"datePublished\":\"2017-08-16T06:00:50+00:00\",\"dateModified\":\"2019-03-22T09:24:32+00:00\",\"mainEntityOfPage\":{\"@id\":\"https:\\\/\\\/www.h-its.org\\\/de\\\/2017\\\/08\\\/16\\\/hits-journalist-in-residence-fuer-2018-2019\\\/\"},\"wordCount\":594,\"image\":{\"@id\":\"https:\\\/\\\/www.h-its.org\\\/de\\\/2017\\\/08\\\/16\\\/hits-journalist-in-residence-fuer-2018-2019\\\/#primaryimage\"},\"thumbnailUrl\":\"https:\\\/\\\/www.h-its.org\\\/de\\\/wp-content\\\/uploads\\\/sites\\\/2\\\/2017\\\/08\\\/pexels-photo-518543-scaled.jpeg\",\"articleSection\":[\"Institutsnews\",\"Pressemitteilungen\"],\"inLanguage\":\"de\"},{\"@type\":\"WebPage\",\"@id\":\"https:\\\/\\\/www.h-its.org\\\/de\\\/2017\\\/08\\\/16\\\/hits-journalist-in-residence-fuer-2018-2019\\\/\",\"url\":\"https:\\\/\\\/www.h-its.org\\\/de\\\/2017\\\/08\\\/16\\\/hits-journalist-in-residence-fuer-2018-2019\\\/\",\"name\":\"HITS: \u201eJournalist in Residence\u201c-Programm f\u00fcr 2018 und 2019 ausgeschrieben - HITS gGmbH\",\"isPartOf\":{\"@id\":\"https:\\\/\\\/www.h-its.org\\\/de\\\/#website\"},\"primaryImageOfPage\":{\"@id\":\"https:\\\/\\\/www.h-its.org\\\/de\\\/2017\\\/08\\\/16\\\/hits-journalist-in-residence-fuer-2018-2019\\\/#primaryimage\"},\"image\":{\"@id\":\"https:\\\/\\\/www.h-its.org\\\/de\\\/2017\\\/08\\\/16\\\/hits-journalist-in-residence-fuer-2018-2019\\\/#primaryimage\"},\"thumbnailUrl\":\"https:\\\/\\\/www.h-its.org\\\/de\\\/wp-content\\\/uploads\\\/sites\\\/2\\\/2017\\\/08\\\/pexels-photo-518543-scaled.jpeg\",\"datePublished\":\"2017-08-16T06:00:50+00:00\",\"dateModified\":\"2019-03-22T09:24:32+00:00\",\"author\":{\"@id\":\"https:\\\/\\\/www.h-its.org\\\/de\\\/#\\\/schema\\\/person\\\/86aabe0b57e15165f41adaf38c43d078\"},\"breadcrumb\":{\"@id\":\"https:\\\/\\\/www.h-its.org\\\/de\\\/2017\\\/08\\\/16\\\/hits-journalist-in-residence-fuer-2018-2019\\\/#breadcrumb\"},\"inLanguage\":\"de\",\"potentialAction\":[{\"@type\":\"ReadAction\",\"target\":[\"https:\\\/\\\/www.h-its.org\\\/de\\\/2017\\\/08\\\/16\\\/hits-journalist-in-residence-fuer-2018-2019\\\/\"]}]},{\"@type\":\"ImageObject\",\"inLanguage\":\"de\",\"@id\":\"https:\\\/\\\/www.h-its.org\\\/de\\\/2017\\\/08\\\/16\\\/hits-journalist-in-residence-fuer-2018-2019\\\/#primaryimage\",\"url\":\"https:\\\/\\\/www.h-its.org\\\/de\\\/wp-content\\\/uploads\\\/sites\\\/2\\\/2017\\\/08\\\/pexels-photo-518543-scaled.jpeg\",\"contentUrl\":\"https:\\\/\\\/www.h-its.org\\\/de\\\/wp-content\\\/uploads\\\/sites\\\/2\\\/2017\\\/08\\\/pexels-photo-518543-scaled.jpeg\",\"width\":2560,\"height\":1707},{\"@type\":\"BreadcrumbList\",\"@id\":\"https:\\\/\\\/www.h-its.org\\\/de\\\/2017\\\/08\\\/16\\\/hits-journalist-in-residence-fuer-2018-2019\\\/#breadcrumb\",\"itemListElement\":[{\"@type\":\"ListItem\",\"position\":1,\"name\":\"Home\",\"item\":\"https:\\\/\\\/www.h-its.org\\\/de\\\/\"},{\"@type\":\"ListItem\",\"position\":2,\"name\":\"HITS: \u201eJournalist in Residence\u201c-Programm f\u00fcr 2018 und 2019 ausgeschrieben\"}]},{\"@type\":\"WebSite\",\"@id\":\"https:\\\/\\\/www.h-its.org\\\/de\\\/#website\",\"url\":\"https:\\\/\\\/www.h-its.org\\\/de\\\/\",\"name\":\"HITS gGmbH\",\"description\":\"Heidelberg Institute for Theoretical Studies\",\"potentialAction\":[{\"@type\":\"SearchAction\",\"target\":{\"@type\":\"EntryPoint\",\"urlTemplate\":\"https:\\\/\\\/www.h-its.org\\\/de\\\/?s={search_term_string}\"},\"query-input\":{\"@type\":\"PropertyValueSpecification\",\"valueRequired\":true,\"valueName\":\"search_term_string\"}}],\"inLanguage\":\"de\"},{\"@type\":\"Person\",\"@id\":\"https:\\\/\\\/www.h-its.org\\\/de\\\/#\\\/schema\\\/person\\\/86aabe0b57e15165f41adaf38c43d078\",\"name\":\"Lacurie, Isabel\",\"image\":{\"@type\":\"ImageObject\",\"inLanguage\":\"de\",\"@id\":\"https:\\\/\\\/secure.gravatar.com\\\/avatar\\\/70053c2db6ae031114048dd4c282575b9a4131f66f64abcac683e5f64b3618f4?s=96&d=mm&r=g\",\"url\":\"https:\\\/\\\/secure.gravatar.com\\\/avatar\\\/70053c2db6ae031114048dd4c282575b9a4131f66f64abcac683e5f64b3618f4?s=96&d=mm&r=g\",\"contentUrl\":\"https:\\\/\\\/secure.gravatar.com\\\/avatar\\\/70053c2db6ae031114048dd4c282575b9a4131f66f64abcac683e5f64b3618f4?s=96&d=mm&r=g\",\"caption\":\"Lacurie, Isabel\"},\"url\":\"https:\\\/\\\/www.h-its.org\\\/de\\\/author\\\/hartmail\\\/\"}]}<\/script>\n<!-- \/ Yoast SEO plugin. -->","yoast_head_json":{"title":"HITS: \u201eJournalist in Residence\u201c-Programm f\u00fcr 2018 und 2019 ausgeschrieben - HITS gGmbH","robots":{"index":"index","follow":"follow","max-snippet":"max-snippet:-1","max-image-preview":"max-image-preview:large","max-video-preview":"max-video-preview:-1"},"canonical":"https:\/\/www.h-its.org\/de\/2017\/08\/16\/hits-journalist-in-residence-fuer-2018-2019\/","og_locale":"de_DE","og_type":"article","og_title":"HITS: \u201eJournalist in Residence\u201c-Programm f\u00fcr 2018 und 2019 ausgeschrieben - HITS gGmbH","og_description":"Bereits zum siebten Mal bietet das Heidelberger Institut f\u00fcr Theoretische Studien (HITS) berufserfahrenen Wissenschaftsjournalist\/innen aus aller Welt die M\u00f6...","og_url":"https:\/\/www.h-its.org\/de\/2017\/08\/16\/hits-journalist-in-residence-fuer-2018-2019\/","og_site_name":"HITS gGmbH","article_published_time":"2017-08-16T06:00:50+00:00","article_modified_time":"2019-03-22T09:24:32+00:00","og_image":[{"width":2560,"height":1707,"url":"https:\/\/www.h-its.org\/de\/wp-content\/uploads\/sites\/2\/2017\/08\/pexels-photo-518543-scaled.jpeg","type":"image\/jpeg"}],"author":"Lacurie, Isabel","twitter_card":"summary_large_image","twitter_misc":{"Verfasst von":"Lacurie, Isabel","Gesch\u00e4tzte Lesezeit":"3\u00a0Minuten"},"schema":{"@context":"https:\/\/schema.org","@graph":[{"@type":"Article","@id":"https:\/\/www.h-its.org\/de\/2017\/08\/16\/hits-journalist-in-residence-fuer-2018-2019\/#article","isPartOf":{"@id":"https:\/\/www.h-its.org\/de\/2017\/08\/16\/hits-journalist-in-residence-fuer-2018-2019\/"},"author":{"name":"Lacurie, Isabel","@id":"https:\/\/www.h-its.org\/de\/#\/schema\/person\/86aabe0b57e15165f41adaf38c43d078"},"headline":"HITS: \u201eJournalist in Residence\u201c-Programm f\u00fcr 2018 und 2019 ausgeschrieben","datePublished":"2017-08-16T06:00:50+00:00","dateModified":"2019-03-22T09:24:32+00:00","mainEntityOfPage":{"@id":"https:\/\/www.h-its.org\/de\/2017\/08\/16\/hits-journalist-in-residence-fuer-2018-2019\/"},"wordCount":594,"image":{"@id":"https:\/\/www.h-its.org\/de\/2017\/08\/16\/hits-journalist-in-residence-fuer-2018-2019\/#primaryimage"},"thumbnailUrl":"https:\/\/www.h-its.org\/de\/wp-content\/uploads\/sites\/2\/2017\/08\/pexels-photo-518543-scaled.jpeg","articleSection":["Institutsnews","Pressemitteilungen"],"inLanguage":"de"},{"@type":"WebPage","@id":"https:\/\/www.h-its.org\/de\/2017\/08\/16\/hits-journalist-in-residence-fuer-2018-2019\/","url":"https:\/\/www.h-its.org\/de\/2017\/08\/16\/hits-journalist-in-residence-fuer-2018-2019\/","name":"HITS: \u201eJournalist in Residence\u201c-Programm f\u00fcr 2018 und 2019 ausgeschrieben - HITS gGmbH","isPartOf":{"@id":"https:\/\/www.h-its.org\/de\/#website"},"primaryImageOfPage":{"@id":"https:\/\/www.h-its.org\/de\/2017\/08\/16\/hits-journalist-in-residence-fuer-2018-2019\/#primaryimage"},"image":{"@id":"https:\/\/www.h-its.org\/de\/2017\/08\/16\/hits-journalist-in-residence-fuer-2018-2019\/#primaryimage"},"thumbnailUrl":"https:\/\/www.h-its.org\/de\/wp-content\/uploads\/sites\/2\/2017\/08\/pexels-photo-518543-scaled.jpeg","datePublished":"2017-08-16T06:00:50+00:00","dateModified":"2019-03-22T09:24:32+00:00","author":{"@id":"https:\/\/www.h-its.org\/de\/#\/schema\/person\/86aabe0b57e15165f41adaf38c43d078"},"breadcrumb":{"@id":"https:\/\/www.h-its.org\/de\/2017\/08\/16\/hits-journalist-in-residence-fuer-2018-2019\/#breadcrumb"},"inLanguage":"de","potentialAction":[{"@type":"ReadAction","target":["https:\/\/www.h-its.org\/de\/2017\/08\/16\/hits-journalist-in-residence-fuer-2018-2019\/"]}]},{"@type":"ImageObject","inLanguage":"de","@id":"https:\/\/www.h-its.org\/de\/2017\/08\/16\/hits-journalist-in-residence-fuer-2018-2019\/#primaryimage","url":"https:\/\/www.h-its.org\/de\/wp-content\/uploads\/sites\/2\/2017\/08\/pexels-photo-518543-scaled.jpeg","contentUrl":"https:\/\/www.h-its.org\/de\/wp-content\/uploads\/sites\/2\/2017\/08\/pexels-photo-518543-scaled.jpeg","width":2560,"height":1707},{"@type":"BreadcrumbList","@id":"https:\/\/www.h-its.org\/de\/2017\/08\/16\/hits-journalist-in-residence-fuer-2018-2019\/#breadcrumb","itemListElement":[{"@type":"ListItem","position":1,"name":"Home","item":"https:\/\/www.h-its.org\/de\/"},{"@type":"ListItem","position":2,"name":"HITS: \u201eJournalist in Residence\u201c-Programm f\u00fcr 2018 und 2019 ausgeschrieben"}]},{"@type":"WebSite","@id":"https:\/\/www.h-its.org\/de\/#website","url":"https:\/\/www.h-its.org\/de\/","name":"HITS gGmbH","description":"Heidelberg Institute for Theoretical Studies","potentialAction":[{"@type":"SearchAction","target":{"@type":"EntryPoint","urlTemplate":"https:\/\/www.h-its.org\/de\/?s={search_term_string}"},"query-input":{"@type":"PropertyValueSpecification","valueRequired":true,"valueName":"search_term_string"}}],"inLanguage":"de"},{"@type":"Person","@id":"https:\/\/www.h-its.org\/de\/#\/schema\/person\/86aabe0b57e15165f41adaf38c43d078","name":"Lacurie, Isabel","image":{"@type":"ImageObject","inLanguage":"de","@id":"https:\/\/secure.gravatar.com\/avatar\/70053c2db6ae031114048dd4c282575b9a4131f66f64abcac683e5f64b3618f4?s=96&d=mm&r=g","url":"https:\/\/secure.gravatar.com\/avatar\/70053c2db6ae031114048dd4c282575b9a4131f66f64abcac683e5f64b3618f4?s=96&d=mm&r=g","contentUrl":"https:\/\/secure.gravatar.com\/avatar\/70053c2db6ae031114048dd4c282575b9a4131f66f64abcac683e5f64b3618f4?s=96&d=mm&r=g","caption":"Lacurie, Isabel"},"url":"https:\/\/www.h-its.org\/de\/author\/hartmail\/"}]}},"publishpress_future_action":{"enabled":false,"date":"2026-05-04 10:49:51","action":"change-status","newStatus":"draft","terms":[],"taxonomy":"category","extraData":[]},"publishpress_future_workflow_manual_trigger":{"enabledWorkflows":[]},"_links":{"self":[{"href":"https:\/\/www.h-its.org\/de\/wp-json\/wp\/v2\/posts\/17091","targetHints":{"allow":["GET"]}}],"collection":[{"href":"https:\/\/www.h-its.org\/de\/wp-json\/wp\/v2\/posts"}],"about":[{"href":"https:\/\/www.h-its.org\/de\/wp-json\/wp\/v2\/types\/post"}],"author":[{"embeddable":true,"href":"https:\/\/www.h-its.org\/de\/wp-json\/wp\/v2\/users\/6"}],"replies":[{"embeddable":true,"href":"https:\/\/www.h-its.org\/de\/wp-json\/wp\/v2\/comments?post=17091"}],"version-history":[{"count":12,"href":"https:\/\/www.h-its.org\/de\/wp-json\/wp\/v2\/posts\/17091\/revisions"}],"predecessor-version":[{"id":40280,"href":"https:\/\/www.h-its.org\/de\/wp-json\/wp\/v2\/posts\/17091\/revisions\/40280"}],"wp:featuredmedia":[{"embeddable":true,"href":"https:\/\/www.h-its.org\/de\/wp-json\/wp\/v2\/media\/30091"}],"wp:attachment":[{"href":"https:\/\/www.h-its.org\/de\/wp-json\/wp\/v2\/media?parent=17091"}],"wp:term":[{"taxonomy":"category","embeddable":true,"href":"https:\/\/www.h-its.org\/de\/wp-json\/wp\/v2\/categories?post=17091"},{"taxonomy":"hits-research-group","embeddable":true,"href":"https:\/\/www.h-its.org\/de\/wp-json\/wp\/v2\/hits-research-group?post=17091"}],"curies":[{"name":"wp","href":"https:\/\/api.w.org\/{rel}","templated":true}]}}