{"id":40424,"date":"2019-11-06T11:49:34","date_gmt":"2019-11-06T10:49:34","guid":{"rendered":"https:\/\/www.h-its.org\/de\/?p=40424"},"modified":"2019-11-06T11:50:44","modified_gmt":"2019-11-06T10:50:44","slug":"max-planck-school-matter-to-life-bewerbungsrunde-gestartet","status":"publish","type":"post","link":"https:\/\/www.h-its.org\/de\/2019\/11\/06\/max-planck-school-matter-to-life-bewerbungsrunde-gestartet\/","title":{"rendered":"Max Planck School Matter to Life &#8211; Bewerbungsrunde gestartet"},"content":{"rendered":"\n<p>Das neue Masterprogramm der <strong>Max Planck School Matter to Life<\/strong> bietet besonders talentierten und motivierten Studentinnen und Studenten ein einzigartiges Ausbildungsprogramm, welches solides Grundlagen- und  Methodenwissen sowie Kenntnisse \u00fcber die besonderen Forschungsans\u00e4tze im sich rasch entwickelnden und zukunftsweisenden Themenfeld der  Konstruktion lebens\u00e4hnlicher Prozesse und Systeme vermittelt. Das Programm bietet Studenten ein gro\u00dfz\u00fcgiges Stipendium, eine j\u00e4hrliche Summer School sowie Mentoren aus dem Matter to Life Netzwerk, zum dem die Universit\u00e4t Heidelberg, Universit\u00e4t G\u00f6ttingen, Technische Universit\u00e4t M\u00fcnchen, das Heidelberger Institut f\u00fcr Theoretische Studien (HITS) und verschiedene Max Planck Institute geh\u00f6ren. <\/p>\n\n\n\n<p><strong>Bewerbungsfrist: 1. Dezember 2019 &#8211; Start des Programms: Herbst 2020<\/strong><\/p>\n\n\n\n<p><strong>Bewerbungsportal: <\/strong><a href=\"https:\/\/www.maxplanckschools.de\/23875\/application\" target=\"_blank\" rel=\"noreferrer noopener\" aria-label=\" (opens in a new tab)\">https:\/\/www.maxplanckschools.de\/23875\/application<\/a><\/p>\n\n\n\n<p>HITS Wissenschaftlerin und Molecular Biomechanics (MBM) Gruppenleiterin Prof. Dr. Frauke Gr\u00e4ter ist eine der <a href=\"https:\/\/www.h-its.org\/de\/2019\/09\/12\/eroeffnung-der-max-planck-schools\/\">Fellows der Max Planck School<\/a>. Die Fellows betreuen die Studierenden an den unterschiedlichen Partnereinrichtungen und unterst\u00fctzen die Qualifizierung in der Max Planck School Matter to Life  durch exklusive Lehrveranstaltungen, Workshops und eine enge Begleitung w\u00e4hrend des Forschungsvorhabens.  <\/p>\n\n\n\n<p><strong>Fragen?<\/strong> Jetzt f\u00fcr den virtuellen &#8222;Tag der offenen T\u00fcr&#8220; anmelden: <\/p>\n\n\n\n<figure class=\"wp-block-image\"><img loading=\"lazy\" decoding=\"async\" width=\"1024\" height=\"681\" src=\"https:\/\/www.h-its.org\/de\/wp-content\/uploads\/sites\/2\/2019\/11\/Open_Day_2019-1024x681.jpg\" alt=\"\" class=\"wp-image-40426\" srcset=\"https:\/\/www.h-its.org\/de\/wp-content\/uploads\/sites\/2\/2019\/11\/Open_Day_2019-1024x681.jpg 1024w, https:\/\/www.h-its.org\/de\/wp-content\/uploads\/sites\/2\/2019\/11\/Open_Day_2019-300x200.jpg 300w, https:\/\/www.h-its.org\/de\/wp-content\/uploads\/sites\/2\/2019\/11\/Open_Day_2019-768x511.jpg 768w, https:\/\/www.h-its.org\/de\/wp-content\/uploads\/sites\/2\/2019\/11\/Open_Day_2019-640x426.jpg 640w, https:\/\/www.h-its.org\/de\/wp-content\/uploads\/sites\/2\/2019\/11\/Open_Day_2019-1200x798.jpg 1200w, https:\/\/www.h-its.org\/de\/wp-content\/uploads\/sites\/2\/2019\/11\/Open_Day_2019-2x1.jpg 2w, https:\/\/www.h-its.org\/de\/wp-content\/uploads\/sites\/2\/2019\/11\/Open_Day_2019-420x279.jpg 420w, https:\/\/www.h-its.org\/de\/wp-content\/uploads\/sites\/2\/2019\/11\/Open_Day_2019-610x406.jpg 610w, https:\/\/www.h-its.org\/de\/wp-content\/uploads\/sites\/2\/2019\/11\/Open_Day_2019.jpg 1240w\" sizes=\"auto, (max-width: 639px) 98vw, (max-width: 1199px) 64vw, 770px\" \/><\/figure>\n","protected":false},"excerpt":{"rendered":"<p>Das neue Masterprogramm der Max Planck School Matter to Life bietet besonders talentierten und motivierten Studentinnen und Studenten ein einzigartiges Ausbildungsprogramm, &#8230;<\/p>\n","protected":false},"author":6,"featured_media":40425,"comment_status":"closed","ping_status":"closed","sticky":false,"template":"","format":"standard","meta":{"_acf_changed":false,"inline_featured_image":false,"footnotes":""},"categories":[1,95],"hits-research-group":[1296],"class_list":["post-40424","post","type-post","status-publish","format-standard","has-post-thumbnail","hentry","category-gruppen-news","category-institutsnews","hits-research-group-mbm-de"],"acf":[],"yoast_head":"<!-- This site is optimized with the Yoast SEO plugin v27.4 - https:\/\/yoast.com\/product\/yoast-seo-wordpress\/ -->\n<title>Max Planck School Matter to Life - Bewerbungsrunde gestartet - HITS gGmbH<\/title>\n<meta name=\"robots\" content=\"index, follow, max-snippet:-1, max-image-preview:large, max-video-preview:-1\" \/>\n<link rel=\"canonical\" href=\"https:\/\/www.h-its.org\/de\/2019\/11\/06\/max-planck-school-matter-to-life-bewerbungsrunde-gestartet\/\" \/>\n<meta property=\"og:locale\" content=\"de_DE\" \/>\n<meta property=\"og:type\" content=\"article\" \/>\n<meta property=\"og:title\" content=\"Max Planck School Matter to Life - Bewerbungsrunde gestartet - HITS gGmbH\" \/>\n<meta property=\"og:description\" content=\"Das neue Masterprogramm der Max Planck School Matter to Life bietet besonders talentierten und motivierten Studentinnen und Studenten ein einzigartiges Ausbildungsprogramm, ...\" \/>\n<meta property=\"og:url\" content=\"https:\/\/www.h-its.org\/de\/2019\/11\/06\/max-planck-school-matter-to-life-bewerbungsrunde-gestartet\/\" \/>\n<meta property=\"og:site_name\" content=\"HITS gGmbH\" \/>\n<meta property=\"article:published_time\" content=\"2019-11-06T10:49:34+00:00\" \/>\n<meta property=\"article:modified_time\" content=\"2019-11-06T10:50:44+00:00\" \/>\n<meta property=\"og:image\" content=\"https:\/\/www.h-its.org\/de\/wp-content\/uploads\/sites\/2\/2019\/11\/Max_Planck_Schools.jpg\" \/>\n\t<meta property=\"og:image:width\" content=\"872\" \/>\n\t<meta property=\"og:image:height\" content=\"525\" \/>\n\t<meta property=\"og:image:type\" content=\"image\/jpeg\" \/>\n<meta name=\"author\" content=\"Lacurie, Isabel\" \/>\n<meta name=\"twitter:card\" content=\"summary_large_image\" \/>\n<meta name=\"twitter:label1\" content=\"Verfasst von\" \/>\n\t<meta name=\"twitter:data1\" content=\"Lacurie, Isabel\" \/>\n\t<meta name=\"twitter:label2\" content=\"Gesch\u00e4tzte Lesezeit\" \/>\n\t<meta name=\"twitter:data2\" content=\"1\u00a0Minute\" \/>\n<script type=\"application\/ld+json\" class=\"yoast-schema-graph\">{\"@context\":\"https:\\\/\\\/schema.org\",\"@graph\":[{\"@type\":\"Article\",\"@id\":\"https:\\\/\\\/www.h-its.org\\\/de\\\/2019\\\/11\\\/06\\\/max-planck-school-matter-to-life-bewerbungsrunde-gestartet\\\/#article\",\"isPartOf\":{\"@id\":\"https:\\\/\\\/www.h-its.org\\\/de\\\/2019\\\/11\\\/06\\\/max-planck-school-matter-to-life-bewerbungsrunde-gestartet\\\/\"},\"author\":{\"name\":\"Lacurie, Isabel\",\"@id\":\"https:\\\/\\\/www.h-its.org\\\/de\\\/#\\\/schema\\\/person\\\/86aabe0b57e15165f41adaf38c43d078\"},\"headline\":\"Max Planck School Matter to Life &#8211; Bewerbungsrunde gestartet\",\"datePublished\":\"2019-11-06T10:49:34+00:00\",\"dateModified\":\"2019-11-06T10:50:44+00:00\",\"mainEntityOfPage\":{\"@id\":\"https:\\\/\\\/www.h-its.org\\\/de\\\/2019\\\/11\\\/06\\\/max-planck-school-matter-to-life-bewerbungsrunde-gestartet\\\/\"},\"wordCount\":188,\"image\":{\"@id\":\"https:\\\/\\\/www.h-its.org\\\/de\\\/2019\\\/11\\\/06\\\/max-planck-school-matter-to-life-bewerbungsrunde-gestartet\\\/#primaryimage\"},\"thumbnailUrl\":\"https:\\\/\\\/www.h-its.org\\\/de\\\/wp-content\\\/uploads\\\/sites\\\/2\\\/2019\\\/11\\\/Max_Planck_Schools.jpg\",\"articleSection\":[\"Gruppen News\",\"Institutsnews\"],\"inLanguage\":\"de\"},{\"@type\":\"WebPage\",\"@id\":\"https:\\\/\\\/www.h-its.org\\\/de\\\/2019\\\/11\\\/06\\\/max-planck-school-matter-to-life-bewerbungsrunde-gestartet\\\/\",\"url\":\"https:\\\/\\\/www.h-its.org\\\/de\\\/2019\\\/11\\\/06\\\/max-planck-school-matter-to-life-bewerbungsrunde-gestartet\\\/\",\"name\":\"Max Planck School Matter to Life - Bewerbungsrunde gestartet - HITS gGmbH\",\"isPartOf\":{\"@id\":\"https:\\\/\\\/www.h-its.org\\\/de\\\/#website\"},\"primaryImageOfPage\":{\"@id\":\"https:\\\/\\\/www.h-its.org\\\/de\\\/2019\\\/11\\\/06\\\/max-planck-school-matter-to-life-bewerbungsrunde-gestartet\\\/#primaryimage\"},\"image\":{\"@id\":\"https:\\\/\\\/www.h-its.org\\\/de\\\/2019\\\/11\\\/06\\\/max-planck-school-matter-to-life-bewerbungsrunde-gestartet\\\/#primaryimage\"},\"thumbnailUrl\":\"https:\\\/\\\/www.h-its.org\\\/de\\\/wp-content\\\/uploads\\\/sites\\\/2\\\/2019\\\/11\\\/Max_Planck_Schools.jpg\",\"datePublished\":\"2019-11-06T10:49:34+00:00\",\"dateModified\":\"2019-11-06T10:50:44+00:00\",\"author\":{\"@id\":\"https:\\\/\\\/www.h-its.org\\\/de\\\/#\\\/schema\\\/person\\\/86aabe0b57e15165f41adaf38c43d078\"},\"breadcrumb\":{\"@id\":\"https:\\\/\\\/www.h-its.org\\\/de\\\/2019\\\/11\\\/06\\\/max-planck-school-matter-to-life-bewerbungsrunde-gestartet\\\/#breadcrumb\"},\"inLanguage\":\"de\",\"potentialAction\":[{\"@type\":\"ReadAction\",\"target\":[\"https:\\\/\\\/www.h-its.org\\\/de\\\/2019\\\/11\\\/06\\\/max-planck-school-matter-to-life-bewerbungsrunde-gestartet\\\/\"]}]},{\"@type\":\"ImageObject\",\"inLanguage\":\"de\",\"@id\":\"https:\\\/\\\/www.h-its.org\\\/de\\\/2019\\\/11\\\/06\\\/max-planck-school-matter-to-life-bewerbungsrunde-gestartet\\\/#primaryimage\",\"url\":\"https:\\\/\\\/www.h-its.org\\\/de\\\/wp-content\\\/uploads\\\/sites\\\/2\\\/2019\\\/11\\\/Max_Planck_Schools.jpg\",\"contentUrl\":\"https:\\\/\\\/www.h-its.org\\\/de\\\/wp-content\\\/uploads\\\/sites\\\/2\\\/2019\\\/11\\\/Max_Planck_Schools.jpg\",\"width\":872,\"height\":525},{\"@type\":\"BreadcrumbList\",\"@id\":\"https:\\\/\\\/www.h-its.org\\\/de\\\/2019\\\/11\\\/06\\\/max-planck-school-matter-to-life-bewerbungsrunde-gestartet\\\/#breadcrumb\",\"itemListElement\":[{\"@type\":\"ListItem\",\"position\":1,\"name\":\"Home\",\"item\":\"https:\\\/\\\/www.h-its.org\\\/de\\\/\"},{\"@type\":\"ListItem\",\"position\":2,\"name\":\"Max Planck School Matter to Life &#8211; Bewerbungsrunde gestartet\"}]},{\"@type\":\"WebSite\",\"@id\":\"https:\\\/\\\/www.h-its.org\\\/de\\\/#website\",\"url\":\"https:\\\/\\\/www.h-its.org\\\/de\\\/\",\"name\":\"HITS gGmbH\",\"description\":\"Heidelberg Institute for Theoretical Studies\",\"potentialAction\":[{\"@type\":\"SearchAction\",\"target\":{\"@type\":\"EntryPoint\",\"urlTemplate\":\"https:\\\/\\\/www.h-its.org\\\/de\\\/?s={search_term_string}\"},\"query-input\":{\"@type\":\"PropertyValueSpecification\",\"valueRequired\":true,\"valueName\":\"search_term_string\"}}],\"inLanguage\":\"de\"},{\"@type\":\"Person\",\"@id\":\"https:\\\/\\\/www.h-its.org\\\/de\\\/#\\\/schema\\\/person\\\/86aabe0b57e15165f41adaf38c43d078\",\"name\":\"Lacurie, Isabel\",\"image\":{\"@type\":\"ImageObject\",\"inLanguage\":\"de\",\"@id\":\"https:\\\/\\\/secure.gravatar.com\\\/avatar\\\/70053c2db6ae031114048dd4c282575b9a4131f66f64abcac683e5f64b3618f4?s=96&d=mm&r=g\",\"url\":\"https:\\\/\\\/secure.gravatar.com\\\/avatar\\\/70053c2db6ae031114048dd4c282575b9a4131f66f64abcac683e5f64b3618f4?s=96&d=mm&r=g\",\"contentUrl\":\"https:\\\/\\\/secure.gravatar.com\\\/avatar\\\/70053c2db6ae031114048dd4c282575b9a4131f66f64abcac683e5f64b3618f4?s=96&d=mm&r=g\",\"caption\":\"Lacurie, Isabel\"},\"url\":\"https:\\\/\\\/www.h-its.org\\\/de\\\/author\\\/hartmail\\\/\"}]}<\/script>\n<!-- \/ Yoast SEO plugin. -->","yoast_head_json":{"title":"Max Planck School Matter to Life - Bewerbungsrunde gestartet - HITS gGmbH","robots":{"index":"index","follow":"follow","max-snippet":"max-snippet:-1","max-image-preview":"max-image-preview:large","max-video-preview":"max-video-preview:-1"},"canonical":"https:\/\/www.h-its.org\/de\/2019\/11\/06\/max-planck-school-matter-to-life-bewerbungsrunde-gestartet\/","og_locale":"de_DE","og_type":"article","og_title":"Max Planck School Matter to Life - Bewerbungsrunde gestartet - HITS gGmbH","og_description":"Das neue Masterprogramm der Max Planck School Matter to Life bietet besonders talentierten und motivierten Studentinnen und Studenten ein einzigartiges Ausbildungsprogramm, ...","og_url":"https:\/\/www.h-its.org\/de\/2019\/11\/06\/max-planck-school-matter-to-life-bewerbungsrunde-gestartet\/","og_site_name":"HITS gGmbH","article_published_time":"2019-11-06T10:49:34+00:00","article_modified_time":"2019-11-06T10:50:44+00:00","og_image":[{"width":872,"height":525,"url":"https:\/\/www.h-its.org\/de\/wp-content\/uploads\/sites\/2\/2019\/11\/Max_Planck_Schools.jpg","type":"image\/jpeg"}],"author":"Lacurie, Isabel","twitter_card":"summary_large_image","twitter_misc":{"Verfasst von":"Lacurie, Isabel","Gesch\u00e4tzte Lesezeit":"1\u00a0Minute"},"schema":{"@context":"https:\/\/schema.org","@graph":[{"@type":"Article","@id":"https:\/\/www.h-its.org\/de\/2019\/11\/06\/max-planck-school-matter-to-life-bewerbungsrunde-gestartet\/#article","isPartOf":{"@id":"https:\/\/www.h-its.org\/de\/2019\/11\/06\/max-planck-school-matter-to-life-bewerbungsrunde-gestartet\/"},"author":{"name":"Lacurie, Isabel","@id":"https:\/\/www.h-its.org\/de\/#\/schema\/person\/86aabe0b57e15165f41adaf38c43d078"},"headline":"Max Planck School Matter to Life &#8211; Bewerbungsrunde gestartet","datePublished":"2019-11-06T10:49:34+00:00","dateModified":"2019-11-06T10:50:44+00:00","mainEntityOfPage":{"@id":"https:\/\/www.h-its.org\/de\/2019\/11\/06\/max-planck-school-matter-to-life-bewerbungsrunde-gestartet\/"},"wordCount":188,"image":{"@id":"https:\/\/www.h-its.org\/de\/2019\/11\/06\/max-planck-school-matter-to-life-bewerbungsrunde-gestartet\/#primaryimage"},"thumbnailUrl":"https:\/\/www.h-its.org\/de\/wp-content\/uploads\/sites\/2\/2019\/11\/Max_Planck_Schools.jpg","articleSection":["Gruppen News","Institutsnews"],"inLanguage":"de"},{"@type":"WebPage","@id":"https:\/\/www.h-its.org\/de\/2019\/11\/06\/max-planck-school-matter-to-life-bewerbungsrunde-gestartet\/","url":"https:\/\/www.h-its.org\/de\/2019\/11\/06\/max-planck-school-matter-to-life-bewerbungsrunde-gestartet\/","name":"Max Planck School Matter to Life - Bewerbungsrunde gestartet - HITS gGmbH","isPartOf":{"@id":"https:\/\/www.h-its.org\/de\/#website"},"primaryImageOfPage":{"@id":"https:\/\/www.h-its.org\/de\/2019\/11\/06\/max-planck-school-matter-to-life-bewerbungsrunde-gestartet\/#primaryimage"},"image":{"@id":"https:\/\/www.h-its.org\/de\/2019\/11\/06\/max-planck-school-matter-to-life-bewerbungsrunde-gestartet\/#primaryimage"},"thumbnailUrl":"https:\/\/www.h-its.org\/de\/wp-content\/uploads\/sites\/2\/2019\/11\/Max_Planck_Schools.jpg","datePublished":"2019-11-06T10:49:34+00:00","dateModified":"2019-11-06T10:50:44+00:00","author":{"@id":"https:\/\/www.h-its.org\/de\/#\/schema\/person\/86aabe0b57e15165f41adaf38c43d078"},"breadcrumb":{"@id":"https:\/\/www.h-its.org\/de\/2019\/11\/06\/max-planck-school-matter-to-life-bewerbungsrunde-gestartet\/#breadcrumb"},"inLanguage":"de","potentialAction":[{"@type":"ReadAction","target":["https:\/\/www.h-its.org\/de\/2019\/11\/06\/max-planck-school-matter-to-life-bewerbungsrunde-gestartet\/"]}]},{"@type":"ImageObject","inLanguage":"de","@id":"https:\/\/www.h-its.org\/de\/2019\/11\/06\/max-planck-school-matter-to-life-bewerbungsrunde-gestartet\/#primaryimage","url":"https:\/\/www.h-its.org\/de\/wp-content\/uploads\/sites\/2\/2019\/11\/Max_Planck_Schools.jpg","contentUrl":"https:\/\/www.h-its.org\/de\/wp-content\/uploads\/sites\/2\/2019\/11\/Max_Planck_Schools.jpg","width":872,"height":525},{"@type":"BreadcrumbList","@id":"https:\/\/www.h-its.org\/de\/2019\/11\/06\/max-planck-school-matter-to-life-bewerbungsrunde-gestartet\/#breadcrumb","itemListElement":[{"@type":"ListItem","position":1,"name":"Home","item":"https:\/\/www.h-its.org\/de\/"},{"@type":"ListItem","position":2,"name":"Max Planck School Matter to Life &#8211; Bewerbungsrunde gestartet"}]},{"@type":"WebSite","@id":"https:\/\/www.h-its.org\/de\/#website","url":"https:\/\/www.h-its.org\/de\/","name":"HITS gGmbH","description":"Heidelberg Institute for Theoretical Studies","potentialAction":[{"@type":"SearchAction","target":{"@type":"EntryPoint","urlTemplate":"https:\/\/www.h-its.org\/de\/?s={search_term_string}"},"query-input":{"@type":"PropertyValueSpecification","valueRequired":true,"valueName":"search_term_string"}}],"inLanguage":"de"},{"@type":"Person","@id":"https:\/\/www.h-its.org\/de\/#\/schema\/person\/86aabe0b57e15165f41adaf38c43d078","name":"Lacurie, Isabel","image":{"@type":"ImageObject","inLanguage":"de","@id":"https:\/\/secure.gravatar.com\/avatar\/70053c2db6ae031114048dd4c282575b9a4131f66f64abcac683e5f64b3618f4?s=96&d=mm&r=g","url":"https:\/\/secure.gravatar.com\/avatar\/70053c2db6ae031114048dd4c282575b9a4131f66f64abcac683e5f64b3618f4?s=96&d=mm&r=g","contentUrl":"https:\/\/secure.gravatar.com\/avatar\/70053c2db6ae031114048dd4c282575b9a4131f66f64abcac683e5f64b3618f4?s=96&d=mm&r=g","caption":"Lacurie, Isabel"},"url":"https:\/\/www.h-its.org\/de\/author\/hartmail\/"}]}},"publishpress_future_action":{"enabled":false,"date":"2026-05-03 07:53:15","action":"change-status","newStatus":"draft","terms":[],"taxonomy":"category","extraData":[]},"publishpress_future_workflow_manual_trigger":{"enabledWorkflows":[]},"_links":{"self":[{"href":"https:\/\/www.h-its.org\/de\/wp-json\/wp\/v2\/posts\/40424","targetHints":{"allow":["GET"]}}],"collection":[{"href":"https:\/\/www.h-its.org\/de\/wp-json\/wp\/v2\/posts"}],"about":[{"href":"https:\/\/www.h-its.org\/de\/wp-json\/wp\/v2\/types\/post"}],"author":[{"embeddable":true,"href":"https:\/\/www.h-its.org\/de\/wp-json\/wp\/v2\/users\/6"}],"replies":[{"embeddable":true,"href":"https:\/\/www.h-its.org\/de\/wp-json\/wp\/v2\/comments?post=40424"}],"version-history":[{"count":4,"href":"https:\/\/www.h-its.org\/de\/wp-json\/wp\/v2\/posts\/40424\/revisions"}],"predecessor-version":[{"id":40430,"href":"https:\/\/www.h-its.org\/de\/wp-json\/wp\/v2\/posts\/40424\/revisions\/40430"}],"wp:featuredmedia":[{"embeddable":true,"href":"https:\/\/www.h-its.org\/de\/wp-json\/wp\/v2\/media\/40425"}],"wp:attachment":[{"href":"https:\/\/www.h-its.org\/de\/wp-json\/wp\/v2\/media?parent=40424"}],"wp:term":[{"taxonomy":"category","embeddable":true,"href":"https:\/\/www.h-its.org\/de\/wp-json\/wp\/v2\/categories?post=40424"},{"taxonomy":"hits-research-group","embeddable":true,"href":"https:\/\/www.h-its.org\/de\/wp-json\/wp\/v2\/hits-research-group?post=40424"}],"curies":[{"name":"wp","href":"https:\/\/api.w.org\/{rel}","templated":true}]}}