{"id":43699,"date":"2021-01-05T10:06:34","date_gmt":"2021-01-05T09:06:34","guid":{"rendered":"https:\/\/www.h-its.org\/de\/?p=43699"},"modified":"2026-04-09T16:15:39","modified_gmt":"2026-04-09T14:15:39","slug":"frauke-graeter-institutssprecherin","status":"publish","type":"post","link":"https:\/\/www.h-its.org\/de\/2021\/01\/05\/frauke-graeter-institutssprecherin\/","title":{"rendered":"Frauke Gr\u00e4ter ist neue Institutssprecherin"},"content":{"rendered":"\n<p><strong>Seit dem Jahreswechsel 2021 ist Frauke Gr\u00e4ter neue Institutssprecherin (Scientific Director) des HITS. Sie folgt turnusm\u00e4\u00dfig auf Wolfgang M\u00fcller, der diese Position in den vergangenen zwei Jahren aus\u00fcbte. Zum neuen stellvertretenden Institutssprecher wurde Tilmann Gneiting ernannt.<\/strong><\/p>\n\n\n<div class=\"wp-block-image\">\n<figure class=\"alignleft size-large is-resized\"><img decoding=\"async\" src=\"https:\/\/www.h-its.org\/de\/wp-content\/uploads\/sites\/2\/2020\/10\/Frauke_Gr\u00e4ter-1-scaled-683x1024.jpg\" alt=\"\" class=\"wp-image-43392\" style=\"width:237px;height:355px\" \/><\/figure>\n<\/div>\n\n\n<p><a href=\"https:\/\/www.h-its.org\/de\/people\/prof-dr-frauke-grater\/\">Frauke Gr\u00e4ter<\/a> ist seit 2009 Leiterin der HITS-Gruppe \u201e<a href=\"https:\/\/www.h-its.org\/de\/forschung\/mbm\/\">Molecular Biomechanics\u201c<\/a> und seit 2014 zugleich Professorin f\u00fcr Molekulare Biomechanik an der Universit\u00e4t Heidelberg. Sie will mit Computersimulationen und verschiedenen Rechenverfahren entschl\u00fcsseln, wie Proteine aufgebaut sind, um gezielt auf mechanische Kr\u00e4fte reagieren zu k\u00f6nnen. Ihre Forschungsthemen reichen dabei von medizinischen Fragestellungen wie der Blutgerinnung, bis zur Materialforschung, wie zum Beispiel an <a href=\"https:\/\/www.h-its.org\/de\/2011\/03\/09\/zerreisprobe-fur-seidenfasern\/\">Spinnenseide<\/a>. F\u00fcr ihre wissenschaftlichen Leistungen erhielt sie 2017 den europ\u00e4ischen \u201ePRACE Ada Lovelace Award for HPC\u201c. Mit dem Preis werden Wissenschaftlerinnen geehrt, die herausragende Beitr\u00e4ge zum Hochleistungsrechnen (High Performance Computing \u2013 HPC) in Europa geleistet haben. Aktuell forscht Gr\u00e4ter an Kollagen, dem Protein, das unserem Bindegewebe in Knochen, B\u00e4ndern und Haut Stabilit\u00e4t verleiht. Gr\u00e4ter konnte zeigen, <a href=\"https:\/\/www.h-its.org\/de\/2020\/05\/08\/zum-zerreissen-gespannt\/\">dass Kollagen unter exzessiver mechanischer Belastung Radikale produziert<\/a> \u2013 eine wichtige Erkenntnis, weil Radikale im K\u00f6rper Sch\u00e4den hervorrufen k\u00f6nnen. F\u00fcr ihre Forschung zu Radikalen in Kollagen <a href=\"https:\/\/www.h-its.org\/de\/2020\/12\/09\/erc-consolidator-grants\/\">erhielt Frauke Gr\u00e4ter k\u00fcrzlich vom Europ\u00e4ischen Forschungsrat einen ERC Consolidator Grant<\/a> in H\u00f6he von rund zwei Millionen Euro. Ab 2021 wird sie Mitglied im Editorial Board der Fachzeitschrift \u201eBiophysical Journal.\u201c<\/p>\n\n\n<div class=\"wp-block-image\">\n<figure class=\"alignleft size-large is-resized\"><img loading=\"lazy\" decoding=\"async\" width=\"683\" height=\"1024\" src=\"https:\/\/www.h-its.org\/de\/wp-content\/uploads\/sites\/2\/2019\/02\/Tilmann_Gneiting-1-683x1024.jpg\" alt=\"\" class=\"wp-image-40805\" style=\"width:233px;height:349px\" srcset=\"https:\/\/www.h-its.org\/de\/wp-content\/uploads\/sites\/2\/2019\/02\/Tilmann_Gneiting-1-683x1024.jpg 683w, https:\/\/www.h-its.org\/de\/wp-content\/uploads\/sites\/2\/2019\/02\/Tilmann_Gneiting-1-200x300.jpg 200w, https:\/\/www.h-its.org\/de\/wp-content\/uploads\/sites\/2\/2019\/02\/Tilmann_Gneiting-1-768x1152.jpg 768w, https:\/\/www.h-its.org\/de\/wp-content\/uploads\/sites\/2\/2019\/02\/Tilmann_Gneiting-1-1024x1536.jpg 1024w, https:\/\/www.h-its.org\/de\/wp-content\/uploads\/sites\/2\/2019\/02\/Tilmann_Gneiting-1-1366x2048.jpg 1366w, https:\/\/www.h-its.org\/de\/wp-content\/uploads\/sites\/2\/2019\/02\/Tilmann_Gneiting-1-640x960.jpg 640w, https:\/\/www.h-its.org\/de\/wp-content\/uploads\/sites\/2\/2019\/02\/Tilmann_Gneiting-1-1200x1800.jpg 1200w, https:\/\/www.h-its.org\/de\/wp-content\/uploads\/sites\/2\/2019\/02\/Tilmann_Gneiting-1-1920x2880.jpg 1920w, https:\/\/www.h-its.org\/de\/wp-content\/uploads\/sites\/2\/2019\/02\/Tilmann_Gneiting-1-1x1.jpg 1w, https:\/\/www.h-its.org\/de\/wp-content\/uploads\/sites\/2\/2019\/02\/Tilmann_Gneiting-1-420x630.jpg 420w, https:\/\/www.h-its.org\/de\/wp-content\/uploads\/sites\/2\/2019\/02\/Tilmann_Gneiting-1-610x915.jpg 610w, https:\/\/www.h-its.org\/de\/wp-content\/uploads\/sites\/2\/2019\/02\/Tilmann_Gneiting-1-scaled.jpg 1707w\" sizes=\"auto, (max-width: 639px) 98vw, (max-width: 1199px) 64vw, 683px\" \/><\/figure>\n<\/div>\n\n\n<p><a href=\"https:\/\/www.h-its.org\/de\/people\/prof-dr-tilmann-gneiting\/\">Tilmann Gneiting<\/a> leitet die Forschungsgruppe <a href=\"https:\/\/www.h-its.org\/de\/forschung\/cst\/\">\u201eComputational Statistics\u201c<\/a> am HITS seit 2013 und ist zugleich Professor f\u00fcr Computational Statistics am Institut f\u00fcr Stochastik des Karlsruher Instituts f\u00fcr Technologie (KIT). Er entwickelt mit seiner Gruppe Methoden f\u00fcr probabilistische Prognosen, wie zum Beispiel zu <a href=\"https:\/\/www.h-its.org\/de\/2019\/07\/24\/neuronale-netze-in-der-wettervorhersage\/\">Wettervorhersagen<\/a>, aber auch f\u00fcr die <a href=\"https:\/\/www.h-its.org\/de\/2020\/12\/03\/covid-vorhersage-de\/\">Corona-Pandemieentwicklung&nbsp; <\/a>Gneiting z\u00e4hlt zu den <a href=\"https:\/\/www.h-its.org\/de\/2014\/06\/27\/mathematische-methoden-astrophysikalische-simulationen\/\">weltweit meistzitierten Forschenden seines Fachs<\/a>, eine Auszeichnung der Clarivate Analytics, die er f\u00fcnfmal hintereinander (2014-2018) erhielt. Er war Fellow am <a href=\"https:\/\/www.h-its.org\/de\/2014\/07\/01\/tilmann-gneiting-appointed-fellow-of-the-ecmwf\/\">Europ\u00e4ischen Zentrum f\u00fcr mittelfristige Wettervorhersage (ECMWF)<\/a>, wurde zum Fellow der <a href=\"https:\/\/www.h-its.org\/de\/2017\/08\/01\/tilmann-gneiting-asa-2017\/\">American Statistical Association<\/a> und des <a href=\"https:\/\/imstat.org\/honored-ims-fellows\/\">Institute of Mathematical Statistics<\/a> ernannt, und war Herausgeber der \u201e<a href=\"https:\/\/www.h-its.org\/de\/2016\/01\/13\/tilmann-gneiting-ist-neuer-herausgeber\/\">Annals of Applied Statistics<\/a>.\u201c F\u00fcr seine Arbeiten erhielt er 2012 einen ERC Advanced Grant des Europ\u00e4ischen Forschungsrats.<\/p>\n\n\n\n<p>Die Institutssprecherin rekrutiert sich aus dem Kreis der Forschungsgruppenleiter\/-innen am HITS. Laut Satzung repr\u00e4sentieren die Institutssprecher\/-innen das HITS in allen wissenschaftlichen Belangen gegen\u00fcber den Kooperationspartnern und der allgemeinen \u00d6ffentlichkeit.<\/p>\n","protected":false},"excerpt":{"rendered":"<p>Seit dem Jahreswechsel 2021 ist Frauke Gr\u00e4ter neue Institutssprecherin (Scientific Director) des HITS. Sie folgt turnusm\u00e4\u00dfig auf Wolfgang M\u00fcller, &#8230;<\/p>\n","protected":false},"author":6,"featured_media":43701,"comment_status":"closed","ping_status":"closed","sticky":false,"template":"","format":"standard","meta":{"_acf_changed":false,"inline_featured_image":false,"footnotes":""},"categories":[1,95,1329],"hits-research-group":[1285,1296],"class_list":["post-43699","post","type-post","status-publish","format-standard","has-post-thumbnail","hentry","category-gruppen-news","category-institutsnews","category-pressemitteilungen","hits-research-group-cst-de","hits-research-group-mbm-de"],"acf":[],"yoast_head":"<!-- This site is optimized with the Yoast SEO plugin v27.4 - https:\/\/yoast.com\/product\/yoast-seo-wordpress\/ -->\n<title>Frauke Gr\u00e4ter ist neue Institutssprecherin - HITS gGmbH<\/title>\n<meta name=\"robots\" content=\"index, follow, max-snippet:-1, max-image-preview:large, max-video-preview:-1\" \/>\n<link rel=\"canonical\" href=\"https:\/\/www.h-its.org\/de\/2021\/01\/05\/frauke-graeter-institutssprecherin\/\" \/>\n<meta property=\"og:locale\" content=\"de_DE\" \/>\n<meta property=\"og:type\" content=\"article\" \/>\n<meta property=\"og:title\" content=\"Frauke Gr\u00e4ter ist neue Institutssprecherin - HITS gGmbH\" \/>\n<meta property=\"og:description\" content=\"Seit dem Jahreswechsel 2021 ist Frauke Gr\u00e4ter neue Institutssprecherin (Scientific Director) des HITS. Sie folgt turnusm\u00e4\u00dfig auf Wolfgang M\u00fcller, ...\" \/>\n<meta property=\"og:url\" content=\"https:\/\/www.h-its.org\/de\/2021\/01\/05\/frauke-graeter-institutssprecherin\/\" \/>\n<meta property=\"og:site_name\" content=\"HITS gGmbH\" \/>\n<meta property=\"article:published_time\" content=\"2021-01-05T09:06:34+00:00\" \/>\n<meta property=\"article:modified_time\" content=\"2026-04-09T14:15:39+00:00\" \/>\n<meta property=\"og:image\" content=\"https:\/\/www.h-its.org\/de\/wp-content\/uploads\/sites\/2\/2021\/01\/Doppelportrait_Frauke_Tilmann-1024x673.png\" \/>\n\t<meta property=\"og:image:width\" content=\"1024\" \/>\n\t<meta property=\"og:image:height\" content=\"673\" \/>\n\t<meta property=\"og:image:type\" content=\"image\/png\" \/>\n<meta name=\"author\" content=\"Lacurie, Isabel\" \/>\n<meta name=\"twitter:card\" content=\"summary_large_image\" \/>\n<meta name=\"twitter:label1\" content=\"Verfasst von\" \/>\n\t<meta name=\"twitter:data1\" content=\"Lacurie, Isabel\" \/>\n\t<meta name=\"twitter:label2\" content=\"Gesch\u00e4tzte Lesezeit\" \/>\n\t<meta name=\"twitter:data2\" content=\"3\u00a0Minuten\" \/>\n<script type=\"application\/ld+json\" class=\"yoast-schema-graph\">{\"@context\":\"https:\\\/\\\/schema.org\",\"@graph\":[{\"@type\":\"Article\",\"@id\":\"https:\\\/\\\/www.h-its.org\\\/de\\\/2021\\\/01\\\/05\\\/frauke-graeter-institutssprecherin\\\/#article\",\"isPartOf\":{\"@id\":\"https:\\\/\\\/www.h-its.org\\\/de\\\/2021\\\/01\\\/05\\\/frauke-graeter-institutssprecherin\\\/\"},\"author\":{\"name\":\"Lacurie, Isabel\",\"@id\":\"https:\\\/\\\/www.h-its.org\\\/de\\\/#\\\/schema\\\/person\\\/86aabe0b57e15165f41adaf38c43d078\"},\"headline\":\"Frauke Gr\u00e4ter ist neue Institutssprecherin\",\"datePublished\":\"2021-01-05T09:06:34+00:00\",\"dateModified\":\"2026-04-09T14:15:39+00:00\",\"mainEntityOfPage\":{\"@id\":\"https:\\\/\\\/www.h-its.org\\\/de\\\/2021\\\/01\\\/05\\\/frauke-graeter-institutssprecherin\\\/\"},\"wordCount\":386,\"image\":{\"@id\":\"https:\\\/\\\/www.h-its.org\\\/de\\\/2021\\\/01\\\/05\\\/frauke-graeter-institutssprecherin\\\/#primaryimage\"},\"thumbnailUrl\":\"https:\\\/\\\/www.h-its.org\\\/de\\\/wp-content\\\/uploads\\\/sites\\\/2\\\/2021\\\/01\\\/Doppelportrait_Frauke_Tilmann.png\",\"articleSection\":[\"Gruppen News\",\"Institutsnews\",\"Pressemitteilungen\"],\"inLanguage\":\"de\"},{\"@type\":\"WebPage\",\"@id\":\"https:\\\/\\\/www.h-its.org\\\/de\\\/2021\\\/01\\\/05\\\/frauke-graeter-institutssprecherin\\\/\",\"url\":\"https:\\\/\\\/www.h-its.org\\\/de\\\/2021\\\/01\\\/05\\\/frauke-graeter-institutssprecherin\\\/\",\"name\":\"Frauke Gr\u00e4ter ist neue Institutssprecherin - HITS gGmbH\",\"isPartOf\":{\"@id\":\"https:\\\/\\\/www.h-its.org\\\/de\\\/#website\"},\"primaryImageOfPage\":{\"@id\":\"https:\\\/\\\/www.h-its.org\\\/de\\\/2021\\\/01\\\/05\\\/frauke-graeter-institutssprecherin\\\/#primaryimage\"},\"image\":{\"@id\":\"https:\\\/\\\/www.h-its.org\\\/de\\\/2021\\\/01\\\/05\\\/frauke-graeter-institutssprecherin\\\/#primaryimage\"},\"thumbnailUrl\":\"https:\\\/\\\/www.h-its.org\\\/de\\\/wp-content\\\/uploads\\\/sites\\\/2\\\/2021\\\/01\\\/Doppelportrait_Frauke_Tilmann.png\",\"datePublished\":\"2021-01-05T09:06:34+00:00\",\"dateModified\":\"2026-04-09T14:15:39+00:00\",\"author\":{\"@id\":\"https:\\\/\\\/www.h-its.org\\\/de\\\/#\\\/schema\\\/person\\\/86aabe0b57e15165f41adaf38c43d078\"},\"breadcrumb\":{\"@id\":\"https:\\\/\\\/www.h-its.org\\\/de\\\/2021\\\/01\\\/05\\\/frauke-graeter-institutssprecherin\\\/#breadcrumb\"},\"inLanguage\":\"de\",\"potentialAction\":[{\"@type\":\"ReadAction\",\"target\":[\"https:\\\/\\\/www.h-its.org\\\/de\\\/2021\\\/01\\\/05\\\/frauke-graeter-institutssprecherin\\\/\"]}]},{\"@type\":\"ImageObject\",\"inLanguage\":\"de\",\"@id\":\"https:\\\/\\\/www.h-its.org\\\/de\\\/2021\\\/01\\\/05\\\/frauke-graeter-institutssprecherin\\\/#primaryimage\",\"url\":\"https:\\\/\\\/www.h-its.org\\\/de\\\/wp-content\\\/uploads\\\/sites\\\/2\\\/2021\\\/01\\\/Doppelportrait_Frauke_Tilmann.png\",\"contentUrl\":\"https:\\\/\\\/www.h-its.org\\\/de\\\/wp-content\\\/uploads\\\/sites\\\/2\\\/2021\\\/01\\\/Doppelportrait_Frauke_Tilmann.png\",\"width\":2625,\"height\":1725},{\"@type\":\"BreadcrumbList\",\"@id\":\"https:\\\/\\\/www.h-its.org\\\/de\\\/2021\\\/01\\\/05\\\/frauke-graeter-institutssprecherin\\\/#breadcrumb\",\"itemListElement\":[{\"@type\":\"ListItem\",\"position\":1,\"name\":\"Home\",\"item\":\"https:\\\/\\\/www.h-its.org\\\/de\\\/\"},{\"@type\":\"ListItem\",\"position\":2,\"name\":\"Frauke Gr\u00e4ter ist neue Institutssprecherin\"}]},{\"@type\":\"WebSite\",\"@id\":\"https:\\\/\\\/www.h-its.org\\\/de\\\/#website\",\"url\":\"https:\\\/\\\/www.h-its.org\\\/de\\\/\",\"name\":\"HITS gGmbH\",\"description\":\"Heidelberg Institute for Theoretical Studies\",\"potentialAction\":[{\"@type\":\"SearchAction\",\"target\":{\"@type\":\"EntryPoint\",\"urlTemplate\":\"https:\\\/\\\/www.h-its.org\\\/de\\\/?s={search_term_string}\"},\"query-input\":{\"@type\":\"PropertyValueSpecification\",\"valueRequired\":true,\"valueName\":\"search_term_string\"}}],\"inLanguage\":\"de\"},{\"@type\":\"Person\",\"@id\":\"https:\\\/\\\/www.h-its.org\\\/de\\\/#\\\/schema\\\/person\\\/86aabe0b57e15165f41adaf38c43d078\",\"name\":\"Lacurie, Isabel\",\"image\":{\"@type\":\"ImageObject\",\"inLanguage\":\"de\",\"@id\":\"https:\\\/\\\/secure.gravatar.com\\\/avatar\\\/70053c2db6ae031114048dd4c282575b9a4131f66f64abcac683e5f64b3618f4?s=96&d=mm&r=g\",\"url\":\"https:\\\/\\\/secure.gravatar.com\\\/avatar\\\/70053c2db6ae031114048dd4c282575b9a4131f66f64abcac683e5f64b3618f4?s=96&d=mm&r=g\",\"contentUrl\":\"https:\\\/\\\/secure.gravatar.com\\\/avatar\\\/70053c2db6ae031114048dd4c282575b9a4131f66f64abcac683e5f64b3618f4?s=96&d=mm&r=g\",\"caption\":\"Lacurie, Isabel\"},\"url\":\"https:\\\/\\\/www.h-its.org\\\/de\\\/author\\\/hartmail\\\/\"}]}<\/script>\n<!-- \/ Yoast SEO plugin. -->","yoast_head_json":{"title":"Frauke Gr\u00e4ter ist neue Institutssprecherin - HITS gGmbH","robots":{"index":"index","follow":"follow","max-snippet":"max-snippet:-1","max-image-preview":"max-image-preview:large","max-video-preview":"max-video-preview:-1"},"canonical":"https:\/\/www.h-its.org\/de\/2021\/01\/05\/frauke-graeter-institutssprecherin\/","og_locale":"de_DE","og_type":"article","og_title":"Frauke Gr\u00e4ter ist neue Institutssprecherin - HITS gGmbH","og_description":"Seit dem Jahreswechsel 2021 ist Frauke Gr\u00e4ter neue Institutssprecherin (Scientific Director) des HITS. Sie folgt turnusm\u00e4\u00dfig auf Wolfgang M\u00fcller, ...","og_url":"https:\/\/www.h-its.org\/de\/2021\/01\/05\/frauke-graeter-institutssprecherin\/","og_site_name":"HITS gGmbH","article_published_time":"2021-01-05T09:06:34+00:00","article_modified_time":"2026-04-09T14:15:39+00:00","og_image":[{"width":1024,"height":673,"url":"https:\/\/www.h-its.org\/de\/wp-content\/uploads\/sites\/2\/2021\/01\/Doppelportrait_Frauke_Tilmann-1024x673.png","type":"image\/png"}],"author":"Lacurie, Isabel","twitter_card":"summary_large_image","twitter_misc":{"Verfasst von":"Lacurie, Isabel","Gesch\u00e4tzte Lesezeit":"3\u00a0Minuten"},"schema":{"@context":"https:\/\/schema.org","@graph":[{"@type":"Article","@id":"https:\/\/www.h-its.org\/de\/2021\/01\/05\/frauke-graeter-institutssprecherin\/#article","isPartOf":{"@id":"https:\/\/www.h-its.org\/de\/2021\/01\/05\/frauke-graeter-institutssprecherin\/"},"author":{"name":"Lacurie, Isabel","@id":"https:\/\/www.h-its.org\/de\/#\/schema\/person\/86aabe0b57e15165f41adaf38c43d078"},"headline":"Frauke Gr\u00e4ter ist neue Institutssprecherin","datePublished":"2021-01-05T09:06:34+00:00","dateModified":"2026-04-09T14:15:39+00:00","mainEntityOfPage":{"@id":"https:\/\/www.h-its.org\/de\/2021\/01\/05\/frauke-graeter-institutssprecherin\/"},"wordCount":386,"image":{"@id":"https:\/\/www.h-its.org\/de\/2021\/01\/05\/frauke-graeter-institutssprecherin\/#primaryimage"},"thumbnailUrl":"https:\/\/www.h-its.org\/de\/wp-content\/uploads\/sites\/2\/2021\/01\/Doppelportrait_Frauke_Tilmann.png","articleSection":["Gruppen News","Institutsnews","Pressemitteilungen"],"inLanguage":"de"},{"@type":"WebPage","@id":"https:\/\/www.h-its.org\/de\/2021\/01\/05\/frauke-graeter-institutssprecherin\/","url":"https:\/\/www.h-its.org\/de\/2021\/01\/05\/frauke-graeter-institutssprecherin\/","name":"Frauke Gr\u00e4ter ist neue Institutssprecherin - HITS gGmbH","isPartOf":{"@id":"https:\/\/www.h-its.org\/de\/#website"},"primaryImageOfPage":{"@id":"https:\/\/www.h-its.org\/de\/2021\/01\/05\/frauke-graeter-institutssprecherin\/#primaryimage"},"image":{"@id":"https:\/\/www.h-its.org\/de\/2021\/01\/05\/frauke-graeter-institutssprecherin\/#primaryimage"},"thumbnailUrl":"https:\/\/www.h-its.org\/de\/wp-content\/uploads\/sites\/2\/2021\/01\/Doppelportrait_Frauke_Tilmann.png","datePublished":"2021-01-05T09:06:34+00:00","dateModified":"2026-04-09T14:15:39+00:00","author":{"@id":"https:\/\/www.h-its.org\/de\/#\/schema\/person\/86aabe0b57e15165f41adaf38c43d078"},"breadcrumb":{"@id":"https:\/\/www.h-its.org\/de\/2021\/01\/05\/frauke-graeter-institutssprecherin\/#breadcrumb"},"inLanguage":"de","potentialAction":[{"@type":"ReadAction","target":["https:\/\/www.h-its.org\/de\/2021\/01\/05\/frauke-graeter-institutssprecherin\/"]}]},{"@type":"ImageObject","inLanguage":"de","@id":"https:\/\/www.h-its.org\/de\/2021\/01\/05\/frauke-graeter-institutssprecherin\/#primaryimage","url":"https:\/\/www.h-its.org\/de\/wp-content\/uploads\/sites\/2\/2021\/01\/Doppelportrait_Frauke_Tilmann.png","contentUrl":"https:\/\/www.h-its.org\/de\/wp-content\/uploads\/sites\/2\/2021\/01\/Doppelportrait_Frauke_Tilmann.png","width":2625,"height":1725},{"@type":"BreadcrumbList","@id":"https:\/\/www.h-its.org\/de\/2021\/01\/05\/frauke-graeter-institutssprecherin\/#breadcrumb","itemListElement":[{"@type":"ListItem","position":1,"name":"Home","item":"https:\/\/www.h-its.org\/de\/"},{"@type":"ListItem","position":2,"name":"Frauke Gr\u00e4ter ist neue Institutssprecherin"}]},{"@type":"WebSite","@id":"https:\/\/www.h-its.org\/de\/#website","url":"https:\/\/www.h-its.org\/de\/","name":"HITS gGmbH","description":"Heidelberg Institute for Theoretical Studies","potentialAction":[{"@type":"SearchAction","target":{"@type":"EntryPoint","urlTemplate":"https:\/\/www.h-its.org\/de\/?s={search_term_string}"},"query-input":{"@type":"PropertyValueSpecification","valueRequired":true,"valueName":"search_term_string"}}],"inLanguage":"de"},{"@type":"Person","@id":"https:\/\/www.h-its.org\/de\/#\/schema\/person\/86aabe0b57e15165f41adaf38c43d078","name":"Lacurie, Isabel","image":{"@type":"ImageObject","inLanguage":"de","@id":"https:\/\/secure.gravatar.com\/avatar\/70053c2db6ae031114048dd4c282575b9a4131f66f64abcac683e5f64b3618f4?s=96&d=mm&r=g","url":"https:\/\/secure.gravatar.com\/avatar\/70053c2db6ae031114048dd4c282575b9a4131f66f64abcac683e5f64b3618f4?s=96&d=mm&r=g","contentUrl":"https:\/\/secure.gravatar.com\/avatar\/70053c2db6ae031114048dd4c282575b9a4131f66f64abcac683e5f64b3618f4?s=96&d=mm&r=g","caption":"Lacurie, Isabel"},"url":"https:\/\/www.h-its.org\/de\/author\/hartmail\/"}]}},"publishpress_future_action":{"enabled":false,"date":"2026-05-09 11:07:15","action":"change-status","newStatus":"draft","terms":[],"taxonomy":"category","extraData":[]},"publishpress_future_workflow_manual_trigger":{"enabledWorkflows":[]},"_links":{"self":[{"href":"https:\/\/www.h-its.org\/de\/wp-json\/wp\/v2\/posts\/43699","targetHints":{"allow":["GET"]}}],"collection":[{"href":"https:\/\/www.h-its.org\/de\/wp-json\/wp\/v2\/posts"}],"about":[{"href":"https:\/\/www.h-its.org\/de\/wp-json\/wp\/v2\/types\/post"}],"author":[{"embeddable":true,"href":"https:\/\/www.h-its.org\/de\/wp-json\/wp\/v2\/users\/6"}],"replies":[{"embeddable":true,"href":"https:\/\/www.h-its.org\/de\/wp-json\/wp\/v2\/comments?post=43699"}],"version-history":[{"count":5,"href":"https:\/\/www.h-its.org\/de\/wp-json\/wp\/v2\/posts\/43699\/revisions"}],"predecessor-version":[{"id":50729,"href":"https:\/\/www.h-its.org\/de\/wp-json\/wp\/v2\/posts\/43699\/revisions\/50729"}],"wp:featuredmedia":[{"embeddable":true,"href":"https:\/\/www.h-its.org\/de\/wp-json\/wp\/v2\/media\/43701"}],"wp:attachment":[{"href":"https:\/\/www.h-its.org\/de\/wp-json\/wp\/v2\/media?parent=43699"}],"wp:term":[{"taxonomy":"category","embeddable":true,"href":"https:\/\/www.h-its.org\/de\/wp-json\/wp\/v2\/categories?post=43699"},{"taxonomy":"hits-research-group","embeddable":true,"href":"https:\/\/www.h-its.org\/de\/wp-json\/wp\/v2\/hits-research-group?post=43699"}],"curies":[{"name":"wp","href":"https:\/\/api.w.org\/{rel}","templated":true}]}}