{"id":44369,"date":"2021-08-26T08:36:33","date_gmt":"2021-08-26T06:36:33","guid":{"rendered":"https:\/\/www.h-its.org\/de\/?p=44369"},"modified":"2021-08-26T08:36:34","modified_gmt":"2021-08-26T06:36:34","slug":"ludwig-biermann-preis-fuer-fabian-schneider","status":"publish","type":"post","link":"https:\/\/www.h-its.org\/de\/2021\/08\/26\/ludwig-biermann-preis-fuer-fabian-schneider\/","title":{"rendered":"Astronomie-Preis f\u00fcr HITS-Forscher Fabian Schneider"},"content":{"rendered":"\n<p><strong>Der Astrophysiker <a href=\"https:\/\/www.h-its.org\/de\/people\/dr-fabian-schneider\/\">Fabian Schneider<\/a>, Leiter der Juniorgruppe \u201e<a href=\"https:\/\/www.h-its.org\/de\/forschung\/set\/\">Stellar Evolution Theory\u201c (SET)<\/a> am HITS, erh\u00e4lt den <a href=\"https:\/\/www.astronomische-gesellschaft.de\/de\/aktivitaeten\/preise\">Ludwig-Biermann-F\u00f6rderpreis der Astronomischen Gesellschaft (AG),<\/a> dem Fachverband der deutschen Astronomie und Astrophysik. Die AG f\u00f6rdert Wissenschaft und Forschung, st\u00e4rkt den Austausch ihrer Mitglieder untereinander und bef\u00f6rdert die Verbreitung wissenschaftlicher Erkenntnisse in der \u00d6ffentlichkeit und im Bildungswesen. Den Ludwig-Biermann-F\u00f6rderpreis verleiht sie an hervorragende j\u00fcngere Forschende.<\/strong><\/p>\n\n\n\n<p>Mit dem diesj\u00e4hrigen Preis wird Fabian Schneider f\u00fcr seine Arbeiten zur Untersuchung der Entwicklung&nbsp;von&nbsp;massereichen Sternen, Doppelsternen und Supernovae ausgezeichnet, die zu zahlreichen&nbsp;und viel zitierten Ver\u00f6ffentlichungen f\u00fchrten. \u201eDar\u00fcber hinaus konnte er sich&nbsp;mit seinen Forschungsleistungen und wegweisenden Projekten bereits im Wettbewerb&nbsp;um mehrere prestigetr\u00e4chtige F\u00f6rdergelder durchsetzen und gilt als&nbsp;international&nbsp;anerkannter Experte auf seinem Gebiet\u201c, so die AG in ihrer Begr\u00fcndung.<\/p>\n\n\n\n<p>\u201eDieser Preis erf\u00fcllt uns mit gro\u00dfer Freude, und er f\u00fcgt sich in die Reihe von Auszeichnungen ein, die Fabian Schneider bereits erhalten hat\u201c, sagt HITS-Institutssprecherin Frauke Gr\u00e4ter. Der Astrophysiker befasst sich intensiv mit dem turbulenten Leben und Schicksal massereicher Sterne. Er forschte nach seiner Promotion in Bonn als \u201eHintze Research Fellow\u201c an der Universit\u00e4t Oxford, erhielt ein Postdoctoral Research Followship am Christ Church College, Oxford, und kam danach als \u201eGliese Fellow\u201c an das Zentrum f\u00fcr Astronomie der Universit\u00e4t Heidelberg. Zugleich war er am HITS als Gastwissenschaftler in der PSO-Gruppe (Leitung: Friedrich R\u00f6pke) t\u00e4tig. Im letzten Jahr wurde Fabian Schneider <a href=\"https:\/\/www.h-its.org\/de\/2020\/09\/07\/erc-starting-grant-fabian-schneider\/\">mit einem ERC Starting Grant des Europ\u00e4ischen Wissenschaftsrats ERC<\/a> ausgezeichnet. Mit rund 1,5 Millionen Euro baut er seit Januar 2021 seine eigene Juniorgruppe am HITS auf.<\/p>\n\n\n\n<p><strong>Doppelsterne: Kosmische Kraftwerke<\/strong><\/p>\n\n\n\n<p>F\u00fcr die Astrophysik sind besonders die sogenannten massereichen Sterne interessant, die als kosmische Kraftwerke in spektakul\u00e4ren Supernovae explodieren und einige der exotischsten Formen von Materie hinterlassen: Neutronensterne und Schwarze L\u00f6cher. Obwohl mittlerweile sogar Verschmelzungen dieser kompakten Objekte beobachtet werden k\u00f6nnen, bleiben nach wie vor viele Fragen offen. Fabian Schneider geht diesen Fragen nach und konzentriert sich mit seiner Gruppe besonders auf Doppelsterne. Sie bilden die \u00fcberwiegende Mehrheit aller massereichen Sterne. W\u00e4hrend ihres Lebens k\u00f6nnen die beiden Sterne Teile ihrer jeweiligen Masse austauschen. Dadurch ver\u00e4ndert sich auch die Entwicklung des einzelnen Sterns nachhaltig. Etwa ein Viertel der massereichen Sterne verschmelzen sogar komplett miteinander.<\/p>\n\n\n\n<p>Z<a href=\"https:\/\/www.astronomische-gesellschaft.de\/de\/aktivitaeten\/pressemitteilungen\/preise-der-astronomischen-gesellschaft-2021\">ur Pressemitteilung der Astronomischen Gesellschaft.<\/a><\/p>\n","protected":false},"excerpt":{"rendered":"<p>Der Astrophysiker Fabian Schneider, Leiter der Juniorgruppe \u201eStellar Evolution Theory\u201c (SET) am HITS, erh\u00e4lt den Ludwig-Biermann-F\u00f6rderpreis der Astronomischen Gesellschaft (&#8230;<\/p>\n","protected":false},"author":6,"featured_media":43218,"comment_status":"closed","ping_status":"closed","sticky":false,"template":"","format":"standard","meta":{"_acf_changed":false,"inline_featured_image":false,"footnotes":""},"categories":[1,95],"hits-research-group":[1417],"class_list":["post-44369","post","type-post","status-publish","format-standard","has-post-thumbnail","hentry","category-gruppen-news","category-institutsnews","hits-research-group-stellar-evolution-theory"],"acf":[],"yoast_head":"<!-- This site is optimized with the Yoast SEO plugin v27.4 - https:\/\/yoast.com\/product\/yoast-seo-wordpress\/ -->\n<title>Astronomie-Preis f\u00fcr HITS-Forscher Fabian Schneider - HITS gGmbH<\/title>\n<meta name=\"robots\" content=\"index, follow, max-snippet:-1, max-image-preview:large, max-video-preview:-1\" \/>\n<link rel=\"canonical\" href=\"https:\/\/www.h-its.org\/de\/2021\/08\/26\/ludwig-biermann-preis-fuer-fabian-schneider\/\" \/>\n<meta property=\"og:locale\" content=\"de_DE\" \/>\n<meta property=\"og:type\" content=\"article\" \/>\n<meta property=\"og:title\" content=\"Astronomie-Preis f\u00fcr HITS-Forscher Fabian Schneider - HITS gGmbH\" \/>\n<meta property=\"og:description\" content=\"Der Astrophysiker Fabian Schneider, Leiter der Juniorgruppe \u201eStellar Evolution Theory\u201c (SET) am HITS, erh\u00e4lt den Ludwig-Biermann-F\u00f6rderpreis der Astronomischen Gesellschaft (...\" \/>\n<meta property=\"og:url\" content=\"https:\/\/www.h-its.org\/de\/2021\/08\/26\/ludwig-biermann-preis-fuer-fabian-schneider\/\" \/>\n<meta property=\"og:site_name\" content=\"HITS gGmbH\" \/>\n<meta property=\"article:published_time\" content=\"2021-08-26T06:36:33+00:00\" \/>\n<meta property=\"article:modified_time\" content=\"2021-08-26T06:36:34+00:00\" \/>\n<meta property=\"og:image\" content=\"https:\/\/www.h-its.org\/de\/wp-content\/uploads\/sites\/2\/2020\/09\/HITS_Fabian_Schneider.jpg\" \/>\n\t<meta property=\"og:image:width\" content=\"420\" \/>\n\t<meta property=\"og:image:height\" content=\"343\" \/>\n\t<meta property=\"og:image:type\" content=\"image\/jpeg\" \/>\n<meta name=\"author\" content=\"Lacurie, Isabel\" \/>\n<meta name=\"twitter:card\" content=\"summary_large_image\" \/>\n<meta name=\"twitter:label1\" content=\"Verfasst von\" \/>\n\t<meta name=\"twitter:data1\" content=\"Lacurie, Isabel\" \/>\n\t<meta name=\"twitter:label2\" content=\"Gesch\u00e4tzte Lesezeit\" \/>\n\t<meta name=\"twitter:data2\" content=\"2\u00a0Minuten\" \/>\n<script type=\"application\/ld+json\" class=\"yoast-schema-graph\">{\"@context\":\"https:\\\/\\\/schema.org\",\"@graph\":[{\"@type\":\"Article\",\"@id\":\"https:\\\/\\\/www.h-its.org\\\/de\\\/2021\\\/08\\\/26\\\/ludwig-biermann-preis-fuer-fabian-schneider\\\/#article\",\"isPartOf\":{\"@id\":\"https:\\\/\\\/www.h-its.org\\\/de\\\/2021\\\/08\\\/26\\\/ludwig-biermann-preis-fuer-fabian-schneider\\\/\"},\"author\":{\"name\":\"Lacurie, Isabel\",\"@id\":\"https:\\\/\\\/www.h-its.org\\\/de\\\/#\\\/schema\\\/person\\\/86aabe0b57e15165f41adaf38c43d078\"},\"headline\":\"Astronomie-Preis f\u00fcr HITS-Forscher Fabian Schneider\",\"datePublished\":\"2021-08-26T06:36:33+00:00\",\"dateModified\":\"2021-08-26T06:36:34+00:00\",\"mainEntityOfPage\":{\"@id\":\"https:\\\/\\\/www.h-its.org\\\/de\\\/2021\\\/08\\\/26\\\/ludwig-biermann-preis-fuer-fabian-schneider\\\/\"},\"wordCount\":400,\"image\":{\"@id\":\"https:\\\/\\\/www.h-its.org\\\/de\\\/2021\\\/08\\\/26\\\/ludwig-biermann-preis-fuer-fabian-schneider\\\/#primaryimage\"},\"thumbnailUrl\":\"https:\\\/\\\/www.h-its.org\\\/de\\\/wp-content\\\/uploads\\\/sites\\\/2\\\/2020\\\/09\\\/HITS_Fabian_Schneider.jpg\",\"articleSection\":[\"Gruppen News\",\"Institutsnews\"],\"inLanguage\":\"de\"},{\"@type\":\"WebPage\",\"@id\":\"https:\\\/\\\/www.h-its.org\\\/de\\\/2021\\\/08\\\/26\\\/ludwig-biermann-preis-fuer-fabian-schneider\\\/\",\"url\":\"https:\\\/\\\/www.h-its.org\\\/de\\\/2021\\\/08\\\/26\\\/ludwig-biermann-preis-fuer-fabian-schneider\\\/\",\"name\":\"Astronomie-Preis f\u00fcr HITS-Forscher Fabian Schneider - HITS gGmbH\",\"isPartOf\":{\"@id\":\"https:\\\/\\\/www.h-its.org\\\/de\\\/#website\"},\"primaryImageOfPage\":{\"@id\":\"https:\\\/\\\/www.h-its.org\\\/de\\\/2021\\\/08\\\/26\\\/ludwig-biermann-preis-fuer-fabian-schneider\\\/#primaryimage\"},\"image\":{\"@id\":\"https:\\\/\\\/www.h-its.org\\\/de\\\/2021\\\/08\\\/26\\\/ludwig-biermann-preis-fuer-fabian-schneider\\\/#primaryimage\"},\"thumbnailUrl\":\"https:\\\/\\\/www.h-its.org\\\/de\\\/wp-content\\\/uploads\\\/sites\\\/2\\\/2020\\\/09\\\/HITS_Fabian_Schneider.jpg\",\"datePublished\":\"2021-08-26T06:36:33+00:00\",\"dateModified\":\"2021-08-26T06:36:34+00:00\",\"author\":{\"@id\":\"https:\\\/\\\/www.h-its.org\\\/de\\\/#\\\/schema\\\/person\\\/86aabe0b57e15165f41adaf38c43d078\"},\"breadcrumb\":{\"@id\":\"https:\\\/\\\/www.h-its.org\\\/de\\\/2021\\\/08\\\/26\\\/ludwig-biermann-preis-fuer-fabian-schneider\\\/#breadcrumb\"},\"inLanguage\":\"de\",\"potentialAction\":[{\"@type\":\"ReadAction\",\"target\":[\"https:\\\/\\\/www.h-its.org\\\/de\\\/2021\\\/08\\\/26\\\/ludwig-biermann-preis-fuer-fabian-schneider\\\/\"]}]},{\"@type\":\"ImageObject\",\"inLanguage\":\"de\",\"@id\":\"https:\\\/\\\/www.h-its.org\\\/de\\\/2021\\\/08\\\/26\\\/ludwig-biermann-preis-fuer-fabian-schneider\\\/#primaryimage\",\"url\":\"https:\\\/\\\/www.h-its.org\\\/de\\\/wp-content\\\/uploads\\\/sites\\\/2\\\/2020\\\/09\\\/HITS_Fabian_Schneider.jpg\",\"contentUrl\":\"https:\\\/\\\/www.h-its.org\\\/de\\\/wp-content\\\/uploads\\\/sites\\\/2\\\/2020\\\/09\\\/HITS_Fabian_Schneider.jpg\",\"width\":420,\"height\":343},{\"@type\":\"BreadcrumbList\",\"@id\":\"https:\\\/\\\/www.h-its.org\\\/de\\\/2021\\\/08\\\/26\\\/ludwig-biermann-preis-fuer-fabian-schneider\\\/#breadcrumb\",\"itemListElement\":[{\"@type\":\"ListItem\",\"position\":1,\"name\":\"Home\",\"item\":\"https:\\\/\\\/www.h-its.org\\\/de\\\/\"},{\"@type\":\"ListItem\",\"position\":2,\"name\":\"Astronomie-Preis f\u00fcr HITS-Forscher Fabian Schneider\"}]},{\"@type\":\"WebSite\",\"@id\":\"https:\\\/\\\/www.h-its.org\\\/de\\\/#website\",\"url\":\"https:\\\/\\\/www.h-its.org\\\/de\\\/\",\"name\":\"HITS gGmbH\",\"description\":\"Heidelberg Institute for Theoretical Studies\",\"potentialAction\":[{\"@type\":\"SearchAction\",\"target\":{\"@type\":\"EntryPoint\",\"urlTemplate\":\"https:\\\/\\\/www.h-its.org\\\/de\\\/?s={search_term_string}\"},\"query-input\":{\"@type\":\"PropertyValueSpecification\",\"valueRequired\":true,\"valueName\":\"search_term_string\"}}],\"inLanguage\":\"de\"},{\"@type\":\"Person\",\"@id\":\"https:\\\/\\\/www.h-its.org\\\/de\\\/#\\\/schema\\\/person\\\/86aabe0b57e15165f41adaf38c43d078\",\"name\":\"Lacurie, Isabel\",\"image\":{\"@type\":\"ImageObject\",\"inLanguage\":\"de\",\"@id\":\"https:\\\/\\\/secure.gravatar.com\\\/avatar\\\/70053c2db6ae031114048dd4c282575b9a4131f66f64abcac683e5f64b3618f4?s=96&d=mm&r=g\",\"url\":\"https:\\\/\\\/secure.gravatar.com\\\/avatar\\\/70053c2db6ae031114048dd4c282575b9a4131f66f64abcac683e5f64b3618f4?s=96&d=mm&r=g\",\"contentUrl\":\"https:\\\/\\\/secure.gravatar.com\\\/avatar\\\/70053c2db6ae031114048dd4c282575b9a4131f66f64abcac683e5f64b3618f4?s=96&d=mm&r=g\",\"caption\":\"Lacurie, Isabel\"},\"url\":\"https:\\\/\\\/www.h-its.org\\\/de\\\/author\\\/hartmail\\\/\"}]}<\/script>\n<!-- \/ Yoast SEO plugin. -->","yoast_head_json":{"title":"Astronomie-Preis f\u00fcr HITS-Forscher Fabian Schneider - HITS gGmbH","robots":{"index":"index","follow":"follow","max-snippet":"max-snippet:-1","max-image-preview":"max-image-preview:large","max-video-preview":"max-video-preview:-1"},"canonical":"https:\/\/www.h-its.org\/de\/2021\/08\/26\/ludwig-biermann-preis-fuer-fabian-schneider\/","og_locale":"de_DE","og_type":"article","og_title":"Astronomie-Preis f\u00fcr HITS-Forscher Fabian Schneider - HITS gGmbH","og_description":"Der Astrophysiker Fabian Schneider, Leiter der Juniorgruppe \u201eStellar Evolution Theory\u201c (SET) am HITS, erh\u00e4lt den Ludwig-Biermann-F\u00f6rderpreis der Astronomischen Gesellschaft (...","og_url":"https:\/\/www.h-its.org\/de\/2021\/08\/26\/ludwig-biermann-preis-fuer-fabian-schneider\/","og_site_name":"HITS gGmbH","article_published_time":"2021-08-26T06:36:33+00:00","article_modified_time":"2021-08-26T06:36:34+00:00","og_image":[{"width":420,"height":343,"url":"https:\/\/www.h-its.org\/de\/wp-content\/uploads\/sites\/2\/2020\/09\/HITS_Fabian_Schneider.jpg","type":"image\/jpeg"}],"author":"Lacurie, Isabel","twitter_card":"summary_large_image","twitter_misc":{"Verfasst von":"Lacurie, Isabel","Gesch\u00e4tzte Lesezeit":"2\u00a0Minuten"},"schema":{"@context":"https:\/\/schema.org","@graph":[{"@type":"Article","@id":"https:\/\/www.h-its.org\/de\/2021\/08\/26\/ludwig-biermann-preis-fuer-fabian-schneider\/#article","isPartOf":{"@id":"https:\/\/www.h-its.org\/de\/2021\/08\/26\/ludwig-biermann-preis-fuer-fabian-schneider\/"},"author":{"name":"Lacurie, Isabel","@id":"https:\/\/www.h-its.org\/de\/#\/schema\/person\/86aabe0b57e15165f41adaf38c43d078"},"headline":"Astronomie-Preis f\u00fcr HITS-Forscher Fabian Schneider","datePublished":"2021-08-26T06:36:33+00:00","dateModified":"2021-08-26T06:36:34+00:00","mainEntityOfPage":{"@id":"https:\/\/www.h-its.org\/de\/2021\/08\/26\/ludwig-biermann-preis-fuer-fabian-schneider\/"},"wordCount":400,"image":{"@id":"https:\/\/www.h-its.org\/de\/2021\/08\/26\/ludwig-biermann-preis-fuer-fabian-schneider\/#primaryimage"},"thumbnailUrl":"https:\/\/www.h-its.org\/de\/wp-content\/uploads\/sites\/2\/2020\/09\/HITS_Fabian_Schneider.jpg","articleSection":["Gruppen News","Institutsnews"],"inLanguage":"de"},{"@type":"WebPage","@id":"https:\/\/www.h-its.org\/de\/2021\/08\/26\/ludwig-biermann-preis-fuer-fabian-schneider\/","url":"https:\/\/www.h-its.org\/de\/2021\/08\/26\/ludwig-biermann-preis-fuer-fabian-schneider\/","name":"Astronomie-Preis f\u00fcr HITS-Forscher Fabian Schneider - HITS gGmbH","isPartOf":{"@id":"https:\/\/www.h-its.org\/de\/#website"},"primaryImageOfPage":{"@id":"https:\/\/www.h-its.org\/de\/2021\/08\/26\/ludwig-biermann-preis-fuer-fabian-schneider\/#primaryimage"},"image":{"@id":"https:\/\/www.h-its.org\/de\/2021\/08\/26\/ludwig-biermann-preis-fuer-fabian-schneider\/#primaryimage"},"thumbnailUrl":"https:\/\/www.h-its.org\/de\/wp-content\/uploads\/sites\/2\/2020\/09\/HITS_Fabian_Schneider.jpg","datePublished":"2021-08-26T06:36:33+00:00","dateModified":"2021-08-26T06:36:34+00:00","author":{"@id":"https:\/\/www.h-its.org\/de\/#\/schema\/person\/86aabe0b57e15165f41adaf38c43d078"},"breadcrumb":{"@id":"https:\/\/www.h-its.org\/de\/2021\/08\/26\/ludwig-biermann-preis-fuer-fabian-schneider\/#breadcrumb"},"inLanguage":"de","potentialAction":[{"@type":"ReadAction","target":["https:\/\/www.h-its.org\/de\/2021\/08\/26\/ludwig-biermann-preis-fuer-fabian-schneider\/"]}]},{"@type":"ImageObject","inLanguage":"de","@id":"https:\/\/www.h-its.org\/de\/2021\/08\/26\/ludwig-biermann-preis-fuer-fabian-schneider\/#primaryimage","url":"https:\/\/www.h-its.org\/de\/wp-content\/uploads\/sites\/2\/2020\/09\/HITS_Fabian_Schneider.jpg","contentUrl":"https:\/\/www.h-its.org\/de\/wp-content\/uploads\/sites\/2\/2020\/09\/HITS_Fabian_Schneider.jpg","width":420,"height":343},{"@type":"BreadcrumbList","@id":"https:\/\/www.h-its.org\/de\/2021\/08\/26\/ludwig-biermann-preis-fuer-fabian-schneider\/#breadcrumb","itemListElement":[{"@type":"ListItem","position":1,"name":"Home","item":"https:\/\/www.h-its.org\/de\/"},{"@type":"ListItem","position":2,"name":"Astronomie-Preis f\u00fcr HITS-Forscher Fabian Schneider"}]},{"@type":"WebSite","@id":"https:\/\/www.h-its.org\/de\/#website","url":"https:\/\/www.h-its.org\/de\/","name":"HITS gGmbH","description":"Heidelberg Institute for Theoretical Studies","potentialAction":[{"@type":"SearchAction","target":{"@type":"EntryPoint","urlTemplate":"https:\/\/www.h-its.org\/de\/?s={search_term_string}"},"query-input":{"@type":"PropertyValueSpecification","valueRequired":true,"valueName":"search_term_string"}}],"inLanguage":"de"},{"@type":"Person","@id":"https:\/\/www.h-its.org\/de\/#\/schema\/person\/86aabe0b57e15165f41adaf38c43d078","name":"Lacurie, Isabel","image":{"@type":"ImageObject","inLanguage":"de","@id":"https:\/\/secure.gravatar.com\/avatar\/70053c2db6ae031114048dd4c282575b9a4131f66f64abcac683e5f64b3618f4?s=96&d=mm&r=g","url":"https:\/\/secure.gravatar.com\/avatar\/70053c2db6ae031114048dd4c282575b9a4131f66f64abcac683e5f64b3618f4?s=96&d=mm&r=g","contentUrl":"https:\/\/secure.gravatar.com\/avatar\/70053c2db6ae031114048dd4c282575b9a4131f66f64abcac683e5f64b3618f4?s=96&d=mm&r=g","caption":"Lacurie, Isabel"},"url":"https:\/\/www.h-its.org\/de\/author\/hartmail\/"}]}},"publishpress_future_action":{"enabled":false,"date":"2026-05-07 11:32:08","action":"change-status","newStatus":"draft","terms":[],"taxonomy":"category","extraData":[]},"publishpress_future_workflow_manual_trigger":{"enabledWorkflows":[]},"_links":{"self":[{"href":"https:\/\/www.h-its.org\/de\/wp-json\/wp\/v2\/posts\/44369","targetHints":{"allow":["GET"]}}],"collection":[{"href":"https:\/\/www.h-its.org\/de\/wp-json\/wp\/v2\/posts"}],"about":[{"href":"https:\/\/www.h-its.org\/de\/wp-json\/wp\/v2\/types\/post"}],"author":[{"embeddable":true,"href":"https:\/\/www.h-its.org\/de\/wp-json\/wp\/v2\/users\/6"}],"replies":[{"embeddable":true,"href":"https:\/\/www.h-its.org\/de\/wp-json\/wp\/v2\/comments?post=44369"}],"version-history":[{"count":3,"href":"https:\/\/www.h-its.org\/de\/wp-json\/wp\/v2\/posts\/44369\/revisions"}],"predecessor-version":[{"id":44373,"href":"https:\/\/www.h-its.org\/de\/wp-json\/wp\/v2\/posts\/44369\/revisions\/44373"}],"wp:featuredmedia":[{"embeddable":true,"href":"https:\/\/www.h-its.org\/de\/wp-json\/wp\/v2\/media\/43218"}],"wp:attachment":[{"href":"https:\/\/www.h-its.org\/de\/wp-json\/wp\/v2\/media?parent=44369"}],"wp:term":[{"taxonomy":"category","embeddable":true,"href":"https:\/\/www.h-its.org\/de\/wp-json\/wp\/v2\/categories?post=44369"},{"taxonomy":"hits-research-group","embeddable":true,"href":"https:\/\/www.h-its.org\/de\/wp-json\/wp\/v2\/hits-research-group?post=44369"}],"curies":[{"name":"wp","href":"https:\/\/api.w.org\/{rel}","templated":true}]}}