{"id":45029,"date":"2022-06-27T11:57:00","date_gmt":"2022-06-27T09:57:00","guid":{"rendered":"https:\/\/www.h-its.org\/de\/?p=45029"},"modified":"2022-06-27T17:20:10","modified_gmt":"2022-06-27T15:20:10","slug":"carl-smith-jir-2022","status":"publish","type":"post","link":"https:\/\/www.h-its.org\/de\/2022\/06\/27\/carl-smith-jir-2022\/","title":{"rendered":"Carl Smith &#8211; Journalist in Residence 2022"},"content":{"rendered":"\n<p>Der Australier <a rel=\"noreferrer noopener\" href=\"https:\/\/www.carlsmith.co\/\" target=\"_blank\">Carl Smith<\/a> war von Januar bis Juni 2022 &#8222;Journalist in Residence&#8220; am HITS. Er ist Wissenschaftsjournalist und Moderator f\u00fcr die Australian Broadcasting Corporation (ABC) in Sydney und besch\u00e4ftigt sich mit komplexen wissenschaftlichen Themen in Radio, Fernsehen und Online. Zuvor schloss er ein Studium in Molekulargenetik und Journalismus ab. F\u00fcr seine journalistische Arbeit wurde er mehrfach ausgezeichnet: So wurden seine Arbeiten in den Jahren 2018 bis 2020 im j\u00e4hrlich erscheinenden Sammelband \u201eThe Best Australian Science Writing\u201c aufgenommen, und er erhielt einen \u201eWalkley Award.\u201c Er war 2020 Finalist und 2021 Sieger beim \u201eEureka\u201c-Preis f\u00fcr Wissenschaftsjournalismus. Smith ist au\u00dferdem Mitglied im Vorstand der \u201eScience Journalists Association of Australia.\u201c<\/p>\n\n\n\n<p>Carl Smith kam im Januar 2022 an das Institut. Er wollte \u00fcber Themen berichten, &#8222;die von Australien aus schwer zug\u00e4nglich sind&#8220;, wie er sagt, plante neue Netzwerke f\u00fcr die Zusammenarbeit und den Wissensaustausch aufzubauen und neue Wege zur Unterst\u00fctzung von Wissenschaftsjournalist*innen und unabh\u00e4ngiger Wissenschaftsberichterstattung in Australien zu erkunden. Er nutzte seine Zeit hier, &#8222;um mich aus den w\u00f6chentlichen filings und deadlines -auszuklinken und mir neue Projekte auszudenken&#8220;.<\/p>\n\n\n\n<p>W\u00e4hrend seines Aufenthalts konzipierte und arbeitete er an einer Reihe von Profilen \u00fcber Forschende, die in ungew\u00f6hnlichen Teilen der Welt arbeiten, f\u00fcr eine neue Serie von Audio- und Textbeitr\u00e4gen. Dazu geh\u00f6rten auch selbst finanzierte Reisen zu Orten in Deutschland, Estland, Frankreich und der Schweiz.<\/p>\n\n\n\n<p>Au\u00dferdem traf er sich mit Vertreter*innen verschiedener Publikationen und Organisationen des deutschen Wissenschaftsjournalismus, wie der <a rel=\"noreferrer noopener\" href=\"https:\/\/wpk.org\/\" target=\"_blank\">WPK<\/a>, dem <a href=\"https:\/\/www.sciencemediacenter.de\/\" target=\"_blank\" rel=\"noreferrer noopener\">Science Media Center Germany<\/a>, Spektrum, Riff Reporter und anderen HITS \u201eJournalists in Residence.\u201c<\/p>\n\n\n\n<p>Als Mitglied der \u201eScience Journalists Association of Australia\u201c er\u00f6rterte er M\u00f6glichkeiten f\u00fcr Austauschprogramme zwischen australischen und europ\u00e4ischen Journalisten. Und nicht zuletzt brachte er seine Erfahrungen in das neue EU-weite Journalists-in-Residence-Programm des ERC ein, das im Laufe des Jahres 2022 nach dem Vorbild des HITS-Programms gestaltet wird.<\/p>\n\n\n\n<p>Dar\u00fcber hinaus nahm Carl Smith die Gelegenheit wahr, in das Leben am HITS einzutauchen, und nahm an Vortr\u00e4gen, Gruppenmeetings und Social Events teil. Er organisierte ein internes Seminar f\u00fcr die HITSters zur Vermittlung von Wissenschaft an Kinder und <a href=\"https:\/\/youtu.be\/1OzoM1FCU14\" target=\"_blank\" rel=\"noreferrer noopener\">gab einen \u00f6ffentlichen Vortrag \u00fcber verschiedene Strategien im Umgang mit der Corona-Pandemie<\/a>. <\/p>\n\n\n\n<p>\u00dcber seinen Aufenthalt am Institut sagt er: &#8222;Das HITS Journalist in Residence Programm ist ein Segen f\u00fcr den unabh\u00e4ngigen Wissenschaftsjournalismus und ein Angebot, das ich mir auch in anderen Teilen der Welt w\u00fcnschen w\u00fcrde. Es erm\u00f6glicht Journalisten, sich vom Termindruck zu l\u00f6sen und sich auf die Art von Projekten zu konzentrieren, die sie \u00fcberhaupt erst zum Journalismus gebracht haben.&#8220;<\/p>\n","protected":false},"excerpt":{"rendered":"<p>Der Australier Carl Smith war von Januar bis Juni 2022 &#8222;Journalist in Residence&#8220; am HITS. Er ist Wissenschaftsjournalist und Moderator f\u00fcr &#8230;<\/p>\n","protected":false},"author":6,"featured_media":45016,"comment_status":"closed","ping_status":"closed","sticky":false,"template":"","format":"standard","meta":{"_acf_changed":false,"inline_featured_image":false,"footnotes":""},"categories":[240],"hits-research-group":[],"class_list":["post-45029","post","type-post","status-publish","format-standard","has-post-thumbnail","hentry","category-bisherige-jir"],"acf":[],"yoast_head":"<!-- This site is optimized with the Yoast SEO plugin v27.4 - https:\/\/yoast.com\/product\/yoast-seo-wordpress\/ -->\n<title>Carl Smith - Journalist in Residence 2022 - HITS gGmbH<\/title>\n<meta name=\"robots\" content=\"index, follow, max-snippet:-1, max-image-preview:large, max-video-preview:-1\" \/>\n<link rel=\"canonical\" href=\"https:\/\/www.h-its.org\/de\/2022\/06\/27\/carl-smith-jir-2022\/\" \/>\n<meta property=\"og:locale\" content=\"de_DE\" \/>\n<meta property=\"og:type\" content=\"article\" \/>\n<meta property=\"og:title\" content=\"Carl Smith - Journalist in Residence 2022 - HITS gGmbH\" \/>\n<meta property=\"og:description\" content=\"Der Australier Carl Smith war von Januar bis Juni 2022 &#8222;Journalist in Residence&#8220; am HITS. Er ist Wissenschaftsjournalist und Moderator f\u00fcr ...\" \/>\n<meta property=\"og:url\" content=\"https:\/\/www.h-its.org\/de\/2022\/06\/27\/carl-smith-jir-2022\/\" \/>\n<meta property=\"og:site_name\" content=\"HITS gGmbH\" \/>\n<meta property=\"article:published_time\" content=\"2022-06-27T09:57:00+00:00\" \/>\n<meta property=\"article:modified_time\" content=\"2022-06-27T15:20:10+00:00\" \/>\n<meta property=\"og:image\" content=\"https:\/\/www.h-its.org\/de\/wp-content\/uploads\/sites\/2\/2022\/02\/Carl_Smith_QF_DSC03150a-scaled.jpg\" \/>\n\t<meta property=\"og:image:width\" content=\"2560\" \/>\n\t<meta property=\"og:image:height\" content=\"1448\" \/>\n\t<meta property=\"og:image:type\" content=\"image\/jpeg\" \/>\n<meta name=\"author\" content=\"Lacurie, Isabel\" \/>\n<meta name=\"twitter:card\" content=\"summary_large_image\" \/>\n<meta name=\"twitter:label1\" content=\"Verfasst von\" \/>\n\t<meta name=\"twitter:data1\" content=\"Lacurie, Isabel\" \/>\n\t<meta name=\"twitter:label2\" content=\"Gesch\u00e4tzte Lesezeit\" \/>\n\t<meta name=\"twitter:data2\" content=\"2\u00a0Minuten\" \/>\n<script type=\"application\/ld+json\" class=\"yoast-schema-graph\">{\"@context\":\"https:\\\/\\\/schema.org\",\"@graph\":[{\"@type\":\"Article\",\"@id\":\"https:\\\/\\\/www.h-its.org\\\/de\\\/2022\\\/06\\\/27\\\/carl-smith-jir-2022\\\/#article\",\"isPartOf\":{\"@id\":\"https:\\\/\\\/www.h-its.org\\\/de\\\/2022\\\/06\\\/27\\\/carl-smith-jir-2022\\\/\"},\"author\":{\"name\":\"Lacurie, Isabel\",\"@id\":\"https:\\\/\\\/www.h-its.org\\\/de\\\/#\\\/schema\\\/person\\\/86aabe0b57e15165f41adaf38c43d078\"},\"headline\":\"Carl Smith &#8211; Journalist in Residence 2022\",\"datePublished\":\"2022-06-27T09:57:00+00:00\",\"dateModified\":\"2022-06-27T15:20:10+00:00\",\"mainEntityOfPage\":{\"@id\":\"https:\\\/\\\/www.h-its.org\\\/de\\\/2022\\\/06\\\/27\\\/carl-smith-jir-2022\\\/\"},\"wordCount\":435,\"image\":{\"@id\":\"https:\\\/\\\/www.h-its.org\\\/de\\\/2022\\\/06\\\/27\\\/carl-smith-jir-2022\\\/#primaryimage\"},\"thumbnailUrl\":\"https:\\\/\\\/www.h-its.org\\\/de\\\/wp-content\\\/uploads\\\/sites\\\/2\\\/2022\\\/02\\\/Carl_Smith_QF_DSC03150a-scaled.jpg\",\"articleSection\":[\"Bisherige JiR\"],\"inLanguage\":\"de\"},{\"@type\":\"WebPage\",\"@id\":\"https:\\\/\\\/www.h-its.org\\\/de\\\/2022\\\/06\\\/27\\\/carl-smith-jir-2022\\\/\",\"url\":\"https:\\\/\\\/www.h-its.org\\\/de\\\/2022\\\/06\\\/27\\\/carl-smith-jir-2022\\\/\",\"name\":\"Carl Smith - Journalist in Residence 2022 - HITS gGmbH\",\"isPartOf\":{\"@id\":\"https:\\\/\\\/www.h-its.org\\\/de\\\/#website\"},\"primaryImageOfPage\":{\"@id\":\"https:\\\/\\\/www.h-its.org\\\/de\\\/2022\\\/06\\\/27\\\/carl-smith-jir-2022\\\/#primaryimage\"},\"image\":{\"@id\":\"https:\\\/\\\/www.h-its.org\\\/de\\\/2022\\\/06\\\/27\\\/carl-smith-jir-2022\\\/#primaryimage\"},\"thumbnailUrl\":\"https:\\\/\\\/www.h-its.org\\\/de\\\/wp-content\\\/uploads\\\/sites\\\/2\\\/2022\\\/02\\\/Carl_Smith_QF_DSC03150a-scaled.jpg\",\"datePublished\":\"2022-06-27T09:57:00+00:00\",\"dateModified\":\"2022-06-27T15:20:10+00:00\",\"author\":{\"@id\":\"https:\\\/\\\/www.h-its.org\\\/de\\\/#\\\/schema\\\/person\\\/86aabe0b57e15165f41adaf38c43d078\"},\"breadcrumb\":{\"@id\":\"https:\\\/\\\/www.h-its.org\\\/de\\\/2022\\\/06\\\/27\\\/carl-smith-jir-2022\\\/#breadcrumb\"},\"inLanguage\":\"de\",\"potentialAction\":[{\"@type\":\"ReadAction\",\"target\":[\"https:\\\/\\\/www.h-its.org\\\/de\\\/2022\\\/06\\\/27\\\/carl-smith-jir-2022\\\/\"]}]},{\"@type\":\"ImageObject\",\"inLanguage\":\"de\",\"@id\":\"https:\\\/\\\/www.h-its.org\\\/de\\\/2022\\\/06\\\/27\\\/carl-smith-jir-2022\\\/#primaryimage\",\"url\":\"https:\\\/\\\/www.h-its.org\\\/de\\\/wp-content\\\/uploads\\\/sites\\\/2\\\/2022\\\/02\\\/Carl_Smith_QF_DSC03150a-scaled.jpg\",\"contentUrl\":\"https:\\\/\\\/www.h-its.org\\\/de\\\/wp-content\\\/uploads\\\/sites\\\/2\\\/2022\\\/02\\\/Carl_Smith_QF_DSC03150a-scaled.jpg\",\"width\":2560,\"height\":1448},{\"@type\":\"BreadcrumbList\",\"@id\":\"https:\\\/\\\/www.h-its.org\\\/de\\\/2022\\\/06\\\/27\\\/carl-smith-jir-2022\\\/#breadcrumb\",\"itemListElement\":[{\"@type\":\"ListItem\",\"position\":1,\"name\":\"Home\",\"item\":\"https:\\\/\\\/www.h-its.org\\\/de\\\/\"},{\"@type\":\"ListItem\",\"position\":2,\"name\":\"Carl Smith &#8211; Journalist in Residence 2022\"}]},{\"@type\":\"WebSite\",\"@id\":\"https:\\\/\\\/www.h-its.org\\\/de\\\/#website\",\"url\":\"https:\\\/\\\/www.h-its.org\\\/de\\\/\",\"name\":\"HITS gGmbH\",\"description\":\"Heidelberg Institute for Theoretical Studies\",\"potentialAction\":[{\"@type\":\"SearchAction\",\"target\":{\"@type\":\"EntryPoint\",\"urlTemplate\":\"https:\\\/\\\/www.h-its.org\\\/de\\\/?s={search_term_string}\"},\"query-input\":{\"@type\":\"PropertyValueSpecification\",\"valueRequired\":true,\"valueName\":\"search_term_string\"}}],\"inLanguage\":\"de\"},{\"@type\":\"Person\",\"@id\":\"https:\\\/\\\/www.h-its.org\\\/de\\\/#\\\/schema\\\/person\\\/86aabe0b57e15165f41adaf38c43d078\",\"name\":\"Lacurie, Isabel\",\"image\":{\"@type\":\"ImageObject\",\"inLanguage\":\"de\",\"@id\":\"https:\\\/\\\/secure.gravatar.com\\\/avatar\\\/70053c2db6ae031114048dd4c282575b9a4131f66f64abcac683e5f64b3618f4?s=96&d=mm&r=g\",\"url\":\"https:\\\/\\\/secure.gravatar.com\\\/avatar\\\/70053c2db6ae031114048dd4c282575b9a4131f66f64abcac683e5f64b3618f4?s=96&d=mm&r=g\",\"contentUrl\":\"https:\\\/\\\/secure.gravatar.com\\\/avatar\\\/70053c2db6ae031114048dd4c282575b9a4131f66f64abcac683e5f64b3618f4?s=96&d=mm&r=g\",\"caption\":\"Lacurie, Isabel\"},\"url\":\"https:\\\/\\\/www.h-its.org\\\/de\\\/author\\\/hartmail\\\/\"}]}<\/script>\n<!-- \/ Yoast SEO plugin. -->","yoast_head_json":{"title":"Carl Smith - Journalist in Residence 2022 - HITS gGmbH","robots":{"index":"index","follow":"follow","max-snippet":"max-snippet:-1","max-image-preview":"max-image-preview:large","max-video-preview":"max-video-preview:-1"},"canonical":"https:\/\/www.h-its.org\/de\/2022\/06\/27\/carl-smith-jir-2022\/","og_locale":"de_DE","og_type":"article","og_title":"Carl Smith - Journalist in Residence 2022 - HITS gGmbH","og_description":"Der Australier Carl Smith war von Januar bis Juni 2022 &#8222;Journalist in Residence&#8220; am HITS. Er ist Wissenschaftsjournalist und Moderator f\u00fcr ...","og_url":"https:\/\/www.h-its.org\/de\/2022\/06\/27\/carl-smith-jir-2022\/","og_site_name":"HITS gGmbH","article_published_time":"2022-06-27T09:57:00+00:00","article_modified_time":"2022-06-27T15:20:10+00:00","og_image":[{"width":2560,"height":1448,"url":"https:\/\/www.h-its.org\/de\/wp-content\/uploads\/sites\/2\/2022\/02\/Carl_Smith_QF_DSC03150a-scaled.jpg","type":"image\/jpeg"}],"author":"Lacurie, Isabel","twitter_card":"summary_large_image","twitter_misc":{"Verfasst von":"Lacurie, Isabel","Gesch\u00e4tzte Lesezeit":"2\u00a0Minuten"},"schema":{"@context":"https:\/\/schema.org","@graph":[{"@type":"Article","@id":"https:\/\/www.h-its.org\/de\/2022\/06\/27\/carl-smith-jir-2022\/#article","isPartOf":{"@id":"https:\/\/www.h-its.org\/de\/2022\/06\/27\/carl-smith-jir-2022\/"},"author":{"name":"Lacurie, Isabel","@id":"https:\/\/www.h-its.org\/de\/#\/schema\/person\/86aabe0b57e15165f41adaf38c43d078"},"headline":"Carl Smith &#8211; Journalist in Residence 2022","datePublished":"2022-06-27T09:57:00+00:00","dateModified":"2022-06-27T15:20:10+00:00","mainEntityOfPage":{"@id":"https:\/\/www.h-its.org\/de\/2022\/06\/27\/carl-smith-jir-2022\/"},"wordCount":435,"image":{"@id":"https:\/\/www.h-its.org\/de\/2022\/06\/27\/carl-smith-jir-2022\/#primaryimage"},"thumbnailUrl":"https:\/\/www.h-its.org\/de\/wp-content\/uploads\/sites\/2\/2022\/02\/Carl_Smith_QF_DSC03150a-scaled.jpg","articleSection":["Bisherige JiR"],"inLanguage":"de"},{"@type":"WebPage","@id":"https:\/\/www.h-its.org\/de\/2022\/06\/27\/carl-smith-jir-2022\/","url":"https:\/\/www.h-its.org\/de\/2022\/06\/27\/carl-smith-jir-2022\/","name":"Carl Smith - Journalist in Residence 2022 - HITS gGmbH","isPartOf":{"@id":"https:\/\/www.h-its.org\/de\/#website"},"primaryImageOfPage":{"@id":"https:\/\/www.h-its.org\/de\/2022\/06\/27\/carl-smith-jir-2022\/#primaryimage"},"image":{"@id":"https:\/\/www.h-its.org\/de\/2022\/06\/27\/carl-smith-jir-2022\/#primaryimage"},"thumbnailUrl":"https:\/\/www.h-its.org\/de\/wp-content\/uploads\/sites\/2\/2022\/02\/Carl_Smith_QF_DSC03150a-scaled.jpg","datePublished":"2022-06-27T09:57:00+00:00","dateModified":"2022-06-27T15:20:10+00:00","author":{"@id":"https:\/\/www.h-its.org\/de\/#\/schema\/person\/86aabe0b57e15165f41adaf38c43d078"},"breadcrumb":{"@id":"https:\/\/www.h-its.org\/de\/2022\/06\/27\/carl-smith-jir-2022\/#breadcrumb"},"inLanguage":"de","potentialAction":[{"@type":"ReadAction","target":["https:\/\/www.h-its.org\/de\/2022\/06\/27\/carl-smith-jir-2022\/"]}]},{"@type":"ImageObject","inLanguage":"de","@id":"https:\/\/www.h-its.org\/de\/2022\/06\/27\/carl-smith-jir-2022\/#primaryimage","url":"https:\/\/www.h-its.org\/de\/wp-content\/uploads\/sites\/2\/2022\/02\/Carl_Smith_QF_DSC03150a-scaled.jpg","contentUrl":"https:\/\/www.h-its.org\/de\/wp-content\/uploads\/sites\/2\/2022\/02\/Carl_Smith_QF_DSC03150a-scaled.jpg","width":2560,"height":1448},{"@type":"BreadcrumbList","@id":"https:\/\/www.h-its.org\/de\/2022\/06\/27\/carl-smith-jir-2022\/#breadcrumb","itemListElement":[{"@type":"ListItem","position":1,"name":"Home","item":"https:\/\/www.h-its.org\/de\/"},{"@type":"ListItem","position":2,"name":"Carl Smith &#8211; Journalist in Residence 2022"}]},{"@type":"WebSite","@id":"https:\/\/www.h-its.org\/de\/#website","url":"https:\/\/www.h-its.org\/de\/","name":"HITS gGmbH","description":"Heidelberg Institute for Theoretical Studies","potentialAction":[{"@type":"SearchAction","target":{"@type":"EntryPoint","urlTemplate":"https:\/\/www.h-its.org\/de\/?s={search_term_string}"},"query-input":{"@type":"PropertyValueSpecification","valueRequired":true,"valueName":"search_term_string"}}],"inLanguage":"de"},{"@type":"Person","@id":"https:\/\/www.h-its.org\/de\/#\/schema\/person\/86aabe0b57e15165f41adaf38c43d078","name":"Lacurie, Isabel","image":{"@type":"ImageObject","inLanguage":"de","@id":"https:\/\/secure.gravatar.com\/avatar\/70053c2db6ae031114048dd4c282575b9a4131f66f64abcac683e5f64b3618f4?s=96&d=mm&r=g","url":"https:\/\/secure.gravatar.com\/avatar\/70053c2db6ae031114048dd4c282575b9a4131f66f64abcac683e5f64b3618f4?s=96&d=mm&r=g","contentUrl":"https:\/\/secure.gravatar.com\/avatar\/70053c2db6ae031114048dd4c282575b9a4131f66f64abcac683e5f64b3618f4?s=96&d=mm&r=g","caption":"Lacurie, Isabel"},"url":"https:\/\/www.h-its.org\/de\/author\/hartmail\/"}]}},"publishpress_future_action":{"enabled":false,"date":"2026-05-05 15:31:31","action":"change-status","newStatus":"draft","terms":[],"taxonomy":"category","extraData":[]},"publishpress_future_workflow_manual_trigger":{"enabledWorkflows":[]},"_links":{"self":[{"href":"https:\/\/www.h-its.org\/de\/wp-json\/wp\/v2\/posts\/45029","targetHints":{"allow":["GET"]}}],"collection":[{"href":"https:\/\/www.h-its.org\/de\/wp-json\/wp\/v2\/posts"}],"about":[{"href":"https:\/\/www.h-its.org\/de\/wp-json\/wp\/v2\/types\/post"}],"author":[{"embeddable":true,"href":"https:\/\/www.h-its.org\/de\/wp-json\/wp\/v2\/users\/6"}],"replies":[{"embeddable":true,"href":"https:\/\/www.h-its.org\/de\/wp-json\/wp\/v2\/comments?post=45029"}],"version-history":[{"count":2,"href":"https:\/\/www.h-its.org\/de\/wp-json\/wp\/v2\/posts\/45029\/revisions"}],"predecessor-version":[{"id":45475,"href":"https:\/\/www.h-its.org\/de\/wp-json\/wp\/v2\/posts\/45029\/revisions\/45475"}],"wp:featuredmedia":[{"embeddable":true,"href":"https:\/\/www.h-its.org\/de\/wp-json\/wp\/v2\/media\/45016"}],"wp:attachment":[{"href":"https:\/\/www.h-its.org\/de\/wp-json\/wp\/v2\/media?parent=45029"}],"wp:term":[{"taxonomy":"category","embeddable":true,"href":"https:\/\/www.h-its.org\/de\/wp-json\/wp\/v2\/categories?post=45029"},{"taxonomy":"hits-research-group","embeddable":true,"href":"https:\/\/www.h-its.org\/de\/wp-json\/wp\/v2\/hits-research-group?post=45029"}],"curies":[{"name":"wp","href":"https:\/\/api.w.org\/{rel}","templated":true}]}}