{"id":4978,"date":"2014-03-24T15:53:26","date_gmt":"2014-03-24T14:53:26","guid":{"rendered":"http:\/\/www.h-its.org\/?p=4978"},"modified":"2019-03-22T11:58:41","modified_gmt":"2019-03-22T10:58:41","slug":"andreas-reuter-beim-acm-europe-council-meeting","status":"publish","type":"post","link":"https:\/\/www.h-its.org\/de\/2014\/03\/24\/andreas-reuter-beim-acm-europe-council-meeting\/","title":{"rendered":"Andreas Reuter beim ACM Europe Council Meeting"},"content":{"rendered":"\n<p>Im M\u00e4rz fand an der British Royal Society in London das ACM Europe Council Meeting statt. An der Diskussion zum Thema \u201eThe Future of Computer Science Research in Europe\u201d nahm auch <strong>HITS-Gesch\u00e4ftsf\u00fchrer Prof. Andreas Reuter<\/strong> teil. Die Diskussionsleitung hatte Dame Wendy Hall inne, ehemalige Pr\u00e4sidentin der Association for Computing Machinery (ACM). Die ACM ist die weltgr\u00f6\u00dfte bildende und wissenschaftliche Gesellschaft f\u00fcr Informatik, die Mittel zur Verf\u00fcgung stellt, um Informatik als Wissenschaft und Berufsfeld zu f\u00f6rdern.<\/p>\n","protected":false},"excerpt":{"rendered":"<p>Im M\u00e4rz fand an der British Royal Society in London das ACM Europe Council Meeting statt. An der Diskussion zum &#8230;<\/p>\n","protected":false},"author":6,"featured_media":29015,"comment_status":"closed","ping_status":"closed","sticky":false,"template":"","format":"standard","meta":{"_acf_changed":false,"inline_featured_image":false,"footnotes":""},"categories":[95],"hits-research-group":[],"class_list":["post-4978","post","type-post","status-publish","format-standard","has-post-thumbnail","hentry","category-institutsnews"],"acf":[],"yoast_head":"<!-- This site is optimized with the Yoast SEO plugin v27.4 - https:\/\/yoast.com\/product\/yoast-seo-wordpress\/ -->\n<title>Andreas Reuter beim ACM Europe Council Meeting - HITS gGmbH<\/title>\n<meta name=\"robots\" content=\"index, follow, max-snippet:-1, max-image-preview:large, max-video-preview:-1\" \/>\n<link rel=\"canonical\" href=\"https:\/\/www.h-its.org\/de\/2014\/03\/24\/andreas-reuter-beim-acm-europe-council-meeting\/\" \/>\n<meta property=\"og:locale\" content=\"de_DE\" \/>\n<meta property=\"og:type\" content=\"article\" \/>\n<meta property=\"og:title\" content=\"Andreas Reuter beim ACM Europe Council Meeting - HITS gGmbH\" \/>\n<meta property=\"og:description\" content=\"Im M\u00e4rz fand an der British Royal Society in London das ACM Europe Council Meeting statt. An der Diskussion zum ...\" \/>\n<meta property=\"og:url\" content=\"https:\/\/www.h-its.org\/de\/2014\/03\/24\/andreas-reuter-beim-acm-europe-council-meeting\/\" \/>\n<meta property=\"og:site_name\" content=\"HITS gGmbH\" \/>\n<meta property=\"article:published_time\" content=\"2014-03-24T14:53:26+00:00\" \/>\n<meta property=\"article:modified_time\" content=\"2019-03-22T10:58:41+00:00\" \/>\n<meta property=\"og:image\" content=\"https:\/\/www.h-its.org\/de\/wp-content\/uploads\/sites\/2\/2014\/09\/www.keskin-arts.com-DSC_3738.jpg\" \/>\n\t<meta property=\"og:image:width\" content=\"1840\" \/>\n\t<meta property=\"og:image:height\" content=\"1228\" \/>\n\t<meta property=\"og:image:type\" content=\"image\/jpeg\" \/>\n<meta name=\"author\" content=\"Lacurie, Isabel\" \/>\n<meta name=\"twitter:card\" content=\"summary_large_image\" \/>\n<meta name=\"twitter:label1\" content=\"Verfasst von\" \/>\n\t<meta name=\"twitter:data1\" content=\"Lacurie, Isabel\" \/>\n<script type=\"application\/ld+json\" class=\"yoast-schema-graph\">{\"@context\":\"https:\\\/\\\/schema.org\",\"@graph\":[{\"@type\":\"Article\",\"@id\":\"https:\\\/\\\/www.h-its.org\\\/de\\\/2014\\\/03\\\/24\\\/andreas-reuter-beim-acm-europe-council-meeting\\\/#article\",\"isPartOf\":{\"@id\":\"https:\\\/\\\/www.h-its.org\\\/de\\\/2014\\\/03\\\/24\\\/andreas-reuter-beim-acm-europe-council-meeting\\\/\"},\"author\":{\"name\":\"Lacurie, Isabel\",\"@id\":\"https:\\\/\\\/www.h-its.org\\\/de\\\/#\\\/schema\\\/person\\\/86aabe0b57e15165f41adaf38c43d078\"},\"headline\":\"Andreas Reuter beim ACM Europe Council Meeting\",\"datePublished\":\"2014-03-24T14:53:26+00:00\",\"dateModified\":\"2019-03-22T10:58:41+00:00\",\"mainEntityOfPage\":{\"@id\":\"https:\\\/\\\/www.h-its.org\\\/de\\\/2014\\\/03\\\/24\\\/andreas-reuter-beim-acm-europe-council-meeting\\\/\"},\"wordCount\":90,\"image\":{\"@id\":\"https:\\\/\\\/www.h-its.org\\\/de\\\/2014\\\/03\\\/24\\\/andreas-reuter-beim-acm-europe-council-meeting\\\/#primaryimage\"},\"thumbnailUrl\":\"https:\\\/\\\/www.h-its.org\\\/de\\\/wp-content\\\/uploads\\\/sites\\\/2\\\/2014\\\/09\\\/www.keskin-arts.com-DSC_3738.jpg\",\"articleSection\":[\"Institutsnews\"],\"inLanguage\":\"de\"},{\"@type\":\"WebPage\",\"@id\":\"https:\\\/\\\/www.h-its.org\\\/de\\\/2014\\\/03\\\/24\\\/andreas-reuter-beim-acm-europe-council-meeting\\\/\",\"url\":\"https:\\\/\\\/www.h-its.org\\\/de\\\/2014\\\/03\\\/24\\\/andreas-reuter-beim-acm-europe-council-meeting\\\/\",\"name\":\"Andreas Reuter beim ACM Europe Council Meeting - HITS gGmbH\",\"isPartOf\":{\"@id\":\"https:\\\/\\\/www.h-its.org\\\/de\\\/#website\"},\"primaryImageOfPage\":{\"@id\":\"https:\\\/\\\/www.h-its.org\\\/de\\\/2014\\\/03\\\/24\\\/andreas-reuter-beim-acm-europe-council-meeting\\\/#primaryimage\"},\"image\":{\"@id\":\"https:\\\/\\\/www.h-its.org\\\/de\\\/2014\\\/03\\\/24\\\/andreas-reuter-beim-acm-europe-council-meeting\\\/#primaryimage\"},\"thumbnailUrl\":\"https:\\\/\\\/www.h-its.org\\\/de\\\/wp-content\\\/uploads\\\/sites\\\/2\\\/2014\\\/09\\\/www.keskin-arts.com-DSC_3738.jpg\",\"datePublished\":\"2014-03-24T14:53:26+00:00\",\"dateModified\":\"2019-03-22T10:58:41+00:00\",\"author\":{\"@id\":\"https:\\\/\\\/www.h-its.org\\\/de\\\/#\\\/schema\\\/person\\\/86aabe0b57e15165f41adaf38c43d078\"},\"breadcrumb\":{\"@id\":\"https:\\\/\\\/www.h-its.org\\\/de\\\/2014\\\/03\\\/24\\\/andreas-reuter-beim-acm-europe-council-meeting\\\/#breadcrumb\"},\"inLanguage\":\"de\",\"potentialAction\":[{\"@type\":\"ReadAction\",\"target\":[\"https:\\\/\\\/www.h-its.org\\\/de\\\/2014\\\/03\\\/24\\\/andreas-reuter-beim-acm-europe-council-meeting\\\/\"]}]},{\"@type\":\"ImageObject\",\"inLanguage\":\"de\",\"@id\":\"https:\\\/\\\/www.h-its.org\\\/de\\\/2014\\\/03\\\/24\\\/andreas-reuter-beim-acm-europe-council-meeting\\\/#primaryimage\",\"url\":\"https:\\\/\\\/www.h-its.org\\\/de\\\/wp-content\\\/uploads\\\/sites\\\/2\\\/2014\\\/09\\\/www.keskin-arts.com-DSC_3738.jpg\",\"contentUrl\":\"https:\\\/\\\/www.h-its.org\\\/de\\\/wp-content\\\/uploads\\\/sites\\\/2\\\/2014\\\/09\\\/www.keskin-arts.com-DSC_3738.jpg\",\"width\":1840,\"height\":1228},{\"@type\":\"BreadcrumbList\",\"@id\":\"https:\\\/\\\/www.h-its.org\\\/de\\\/2014\\\/03\\\/24\\\/andreas-reuter-beim-acm-europe-council-meeting\\\/#breadcrumb\",\"itemListElement\":[{\"@type\":\"ListItem\",\"position\":1,\"name\":\"Home\",\"item\":\"https:\\\/\\\/www.h-its.org\\\/de\\\/\"},{\"@type\":\"ListItem\",\"position\":2,\"name\":\"Andreas Reuter beim ACM Europe Council Meeting\"}]},{\"@type\":\"WebSite\",\"@id\":\"https:\\\/\\\/www.h-its.org\\\/de\\\/#website\",\"url\":\"https:\\\/\\\/www.h-its.org\\\/de\\\/\",\"name\":\"HITS gGmbH\",\"description\":\"Heidelberg Institute for Theoretical Studies\",\"potentialAction\":[{\"@type\":\"SearchAction\",\"target\":{\"@type\":\"EntryPoint\",\"urlTemplate\":\"https:\\\/\\\/www.h-its.org\\\/de\\\/?s={search_term_string}\"},\"query-input\":{\"@type\":\"PropertyValueSpecification\",\"valueRequired\":true,\"valueName\":\"search_term_string\"}}],\"inLanguage\":\"de\"},{\"@type\":\"Person\",\"@id\":\"https:\\\/\\\/www.h-its.org\\\/de\\\/#\\\/schema\\\/person\\\/86aabe0b57e15165f41adaf38c43d078\",\"name\":\"Lacurie, Isabel\",\"image\":{\"@type\":\"ImageObject\",\"inLanguage\":\"de\",\"@id\":\"https:\\\/\\\/secure.gravatar.com\\\/avatar\\\/70053c2db6ae031114048dd4c282575b9a4131f66f64abcac683e5f64b3618f4?s=96&d=mm&r=g\",\"url\":\"https:\\\/\\\/secure.gravatar.com\\\/avatar\\\/70053c2db6ae031114048dd4c282575b9a4131f66f64abcac683e5f64b3618f4?s=96&d=mm&r=g\",\"contentUrl\":\"https:\\\/\\\/secure.gravatar.com\\\/avatar\\\/70053c2db6ae031114048dd4c282575b9a4131f66f64abcac683e5f64b3618f4?s=96&d=mm&r=g\",\"caption\":\"Lacurie, Isabel\"},\"url\":\"https:\\\/\\\/www.h-its.org\\\/de\\\/author\\\/hartmail\\\/\"}]}<\/script>\n<!-- \/ Yoast SEO plugin. -->","yoast_head_json":{"title":"Andreas Reuter beim ACM Europe Council Meeting - HITS gGmbH","robots":{"index":"index","follow":"follow","max-snippet":"max-snippet:-1","max-image-preview":"max-image-preview:large","max-video-preview":"max-video-preview:-1"},"canonical":"https:\/\/www.h-its.org\/de\/2014\/03\/24\/andreas-reuter-beim-acm-europe-council-meeting\/","og_locale":"de_DE","og_type":"article","og_title":"Andreas Reuter beim ACM Europe Council Meeting - HITS gGmbH","og_description":"Im M\u00e4rz fand an der British Royal Society in London das ACM Europe Council Meeting statt. An der Diskussion zum ...","og_url":"https:\/\/www.h-its.org\/de\/2014\/03\/24\/andreas-reuter-beim-acm-europe-council-meeting\/","og_site_name":"HITS gGmbH","article_published_time":"2014-03-24T14:53:26+00:00","article_modified_time":"2019-03-22T10:58:41+00:00","og_image":[{"width":1840,"height":1228,"url":"https:\/\/www.h-its.org\/de\/wp-content\/uploads\/sites\/2\/2014\/09\/www.keskin-arts.com-DSC_3738.jpg","type":"image\/jpeg"}],"author":"Lacurie, Isabel","twitter_card":"summary_large_image","twitter_misc":{"Verfasst von":"Lacurie, Isabel"},"schema":{"@context":"https:\/\/schema.org","@graph":[{"@type":"Article","@id":"https:\/\/www.h-its.org\/de\/2014\/03\/24\/andreas-reuter-beim-acm-europe-council-meeting\/#article","isPartOf":{"@id":"https:\/\/www.h-its.org\/de\/2014\/03\/24\/andreas-reuter-beim-acm-europe-council-meeting\/"},"author":{"name":"Lacurie, Isabel","@id":"https:\/\/www.h-its.org\/de\/#\/schema\/person\/86aabe0b57e15165f41adaf38c43d078"},"headline":"Andreas Reuter beim ACM Europe Council Meeting","datePublished":"2014-03-24T14:53:26+00:00","dateModified":"2019-03-22T10:58:41+00:00","mainEntityOfPage":{"@id":"https:\/\/www.h-its.org\/de\/2014\/03\/24\/andreas-reuter-beim-acm-europe-council-meeting\/"},"wordCount":90,"image":{"@id":"https:\/\/www.h-its.org\/de\/2014\/03\/24\/andreas-reuter-beim-acm-europe-council-meeting\/#primaryimage"},"thumbnailUrl":"https:\/\/www.h-its.org\/de\/wp-content\/uploads\/sites\/2\/2014\/09\/www.keskin-arts.com-DSC_3738.jpg","articleSection":["Institutsnews"],"inLanguage":"de"},{"@type":"WebPage","@id":"https:\/\/www.h-its.org\/de\/2014\/03\/24\/andreas-reuter-beim-acm-europe-council-meeting\/","url":"https:\/\/www.h-its.org\/de\/2014\/03\/24\/andreas-reuter-beim-acm-europe-council-meeting\/","name":"Andreas Reuter beim ACM Europe Council Meeting - HITS gGmbH","isPartOf":{"@id":"https:\/\/www.h-its.org\/de\/#website"},"primaryImageOfPage":{"@id":"https:\/\/www.h-its.org\/de\/2014\/03\/24\/andreas-reuter-beim-acm-europe-council-meeting\/#primaryimage"},"image":{"@id":"https:\/\/www.h-its.org\/de\/2014\/03\/24\/andreas-reuter-beim-acm-europe-council-meeting\/#primaryimage"},"thumbnailUrl":"https:\/\/www.h-its.org\/de\/wp-content\/uploads\/sites\/2\/2014\/09\/www.keskin-arts.com-DSC_3738.jpg","datePublished":"2014-03-24T14:53:26+00:00","dateModified":"2019-03-22T10:58:41+00:00","author":{"@id":"https:\/\/www.h-its.org\/de\/#\/schema\/person\/86aabe0b57e15165f41adaf38c43d078"},"breadcrumb":{"@id":"https:\/\/www.h-its.org\/de\/2014\/03\/24\/andreas-reuter-beim-acm-europe-council-meeting\/#breadcrumb"},"inLanguage":"de","potentialAction":[{"@type":"ReadAction","target":["https:\/\/www.h-its.org\/de\/2014\/03\/24\/andreas-reuter-beim-acm-europe-council-meeting\/"]}]},{"@type":"ImageObject","inLanguage":"de","@id":"https:\/\/www.h-its.org\/de\/2014\/03\/24\/andreas-reuter-beim-acm-europe-council-meeting\/#primaryimage","url":"https:\/\/www.h-its.org\/de\/wp-content\/uploads\/sites\/2\/2014\/09\/www.keskin-arts.com-DSC_3738.jpg","contentUrl":"https:\/\/www.h-its.org\/de\/wp-content\/uploads\/sites\/2\/2014\/09\/www.keskin-arts.com-DSC_3738.jpg","width":1840,"height":1228},{"@type":"BreadcrumbList","@id":"https:\/\/www.h-its.org\/de\/2014\/03\/24\/andreas-reuter-beim-acm-europe-council-meeting\/#breadcrumb","itemListElement":[{"@type":"ListItem","position":1,"name":"Home","item":"https:\/\/www.h-its.org\/de\/"},{"@type":"ListItem","position":2,"name":"Andreas Reuter beim ACM Europe Council Meeting"}]},{"@type":"WebSite","@id":"https:\/\/www.h-its.org\/de\/#website","url":"https:\/\/www.h-its.org\/de\/","name":"HITS gGmbH","description":"Heidelberg Institute for Theoretical Studies","potentialAction":[{"@type":"SearchAction","target":{"@type":"EntryPoint","urlTemplate":"https:\/\/www.h-its.org\/de\/?s={search_term_string}"},"query-input":{"@type":"PropertyValueSpecification","valueRequired":true,"valueName":"search_term_string"}}],"inLanguage":"de"},{"@type":"Person","@id":"https:\/\/www.h-its.org\/de\/#\/schema\/person\/86aabe0b57e15165f41adaf38c43d078","name":"Lacurie, Isabel","image":{"@type":"ImageObject","inLanguage":"de","@id":"https:\/\/secure.gravatar.com\/avatar\/70053c2db6ae031114048dd4c282575b9a4131f66f64abcac683e5f64b3618f4?s=96&d=mm&r=g","url":"https:\/\/secure.gravatar.com\/avatar\/70053c2db6ae031114048dd4c282575b9a4131f66f64abcac683e5f64b3618f4?s=96&d=mm&r=g","contentUrl":"https:\/\/secure.gravatar.com\/avatar\/70053c2db6ae031114048dd4c282575b9a4131f66f64abcac683e5f64b3618f4?s=96&d=mm&r=g","caption":"Lacurie, Isabel"},"url":"https:\/\/www.h-its.org\/de\/author\/hartmail\/"}]}},"publishpress_future_action":{"enabled":false,"date":"2026-05-03 14:12:38","action":"change-status","newStatus":"draft","terms":[],"taxonomy":"category","extraData":[]},"publishpress_future_workflow_manual_trigger":{"enabledWorkflows":[]},"_links":{"self":[{"href":"https:\/\/www.h-its.org\/de\/wp-json\/wp\/v2\/posts\/4978","targetHints":{"allow":["GET"]}}],"collection":[{"href":"https:\/\/www.h-its.org\/de\/wp-json\/wp\/v2\/posts"}],"about":[{"href":"https:\/\/www.h-its.org\/de\/wp-json\/wp\/v2\/types\/post"}],"author":[{"embeddable":true,"href":"https:\/\/www.h-its.org\/de\/wp-json\/wp\/v2\/users\/6"}],"replies":[{"embeddable":true,"href":"https:\/\/www.h-its.org\/de\/wp-json\/wp\/v2\/comments?post=4978"}],"version-history":[{"count":2,"href":"https:\/\/www.h-its.org\/de\/wp-json\/wp\/v2\/posts\/4978\/revisions"}],"predecessor-version":[{"id":32737,"href":"https:\/\/www.h-its.org\/de\/wp-json\/wp\/v2\/posts\/4978\/revisions\/32737"}],"wp:featuredmedia":[{"embeddable":true,"href":"https:\/\/www.h-its.org\/de\/wp-json\/wp\/v2\/media\/29015"}],"wp:attachment":[{"href":"https:\/\/www.h-its.org\/de\/wp-json\/wp\/v2\/media?parent=4978"}],"wp:term":[{"taxonomy":"category","embeddable":true,"href":"https:\/\/www.h-its.org\/de\/wp-json\/wp\/v2\/categories?post=4978"},{"taxonomy":"hits-research-group","embeddable":true,"href":"https:\/\/www.h-its.org\/de\/wp-json\/wp\/v2\/hits-research-group?post=4978"}],"curies":[{"name":"wp","href":"https:\/\/api.w.org\/{rel}","templated":true}]}}